{"id":69647,"date":"2019-12-08T10:50:00","date_gmt":"2019-12-08T15:50:00","guid":{"rendered":"https:\/\/linitiative.ca\/International\/hadj-2020-2021-debut-des-inscriptions-mercredi\/"},"modified":"2019-12-08T10:50:00","modified_gmt":"2019-12-08T15:50:00","slug":"hadj-2020-2021-debut-des-inscriptions-mercredi","status":"publish","type":"post","link":"https:\/\/linitiative.ca\/International\/hadj-2020-2021-debut-des-inscriptions-mercredi\/","title":{"rendered":"HADJ 2020 &#8211; 2021 : D\u00e9but des inscriptions mercredi"},"content":{"rendered":"<p><br id=\"sep_para_1\" class=\"sep_para access\"\/><\/p>\n<div id=\"para_1\" class=\"para_34409549 resize\">\n<div class=\"texte access firstletter\">Les inscriptions au tirage au sort pour l\u2019accomplissement du Hadj au titre de l\u2019ann\u00e9e 2020 d\u00e9buteront le 11 d\u00e9cembre en cours. En effet, le Premier ministre, Noureddine Bedoui a ordonn\u00e9 l&rsquo;organisation, \u00e0 partir de cette ann\u00e9e, du tirage au sort pr\u00e9alable pour deux saisons successives de Hadj, a indiqu\u00e9 un communiqu\u00e9 des services du Premier ministre, annon\u00e7ant le lancement, mercredi prochain, des inscriptions pour le tirage au sort au titre des deux saisons de Hadj 2020 et 2021. Lors d&rsquo;une r\u00e9union interminist\u00e9rielle consacr\u00e9e \u00e0 l&rsquo;\u00e9valuation de la saison de Hadj 2019 et l&rsquo;examen des pr\u00e9paratifs relatifs \u00e0 la saison 2020 en vue \u00ab\u00a0de garantir une meilleure pr\u00e9paration aux prochaines saisons\u00a0\u00bb, le Premier ministre a d\u00e9cid\u00e9 de proc\u00e9der, \u00e0 partir de cette ann\u00e9e, \u00e0 l&rsquo;organisation du tirage au sort pr\u00e9alable pour deux saisons successives, tout en instruisant le lancement, mercredi 11 d\u00e9cembre 2019, des inscriptions pour le tirage au sort au titre des deux saisons de Hadj 2020 et 2021 et l&rsquo;organisation, samedi 25 janvier 2020, du tirage au sort au titre des deux saisons de Hadj 2020 et 2021.<\/div>\n<\/div>\n<p>Auteur: Nadine<br \/>\n<a href=\"https:\/\/www.reflexiondz.net\/HADJ-2020-2021-Debut-des-inscriptions-mercredi_a59279.html\">Cliquez ici pour lire l&rsquo;article depuis sa source.<\/a><\/p>\n","protected":false},"excerpt":{"rendered":"<p>Les inscriptions au tirage au sort pour l\u2019accomplissement du Hadj au titre de l\u2019ann\u00e9e 2020 d\u00e9buteront le 11 d\u00e9cembre en cours. En effet, le Premier ministre, Noureddine Bedoui a ordonn\u00e9 l&rsquo;organisation, \u00e0 partir de cette ann\u00e9e, du tirage au sort pr\u00e9alable pour deux saisons successives de Hadj, a indiqu\u00e9 un communiqu\u00e9 des services du Premier [&hellip;]<\/p>\n","protected":false},"author":1740,"featured_media":0,"comment_status":"closed","ping_status":"closed","sticky":false,"template":"","format":"standard","meta":{"fifu_image_url":"","fifu_image_alt":"","footnotes":""},"categories":[53,76],"tags":[],"class_list":["post-69647","post","type-post","status-publish","format-standard","hentry","category-algerie","category-regions"],"_links":{"self":[{"href":"https:\/\/linitiative.ca\/International\/wp-json\/wp\/v2\/posts\/69647","targetHints":{"allow":["GET"]}}],"collection":[{"href":"https:\/\/linitiative.ca\/International\/wp-json\/wp\/v2\/posts"}],"about":[{"href":"https:\/\/linitiative.ca\/International\/wp-json\/wp\/v2\/types\/post"}],"author":[{"embeddable":true,"href":"https:\/\/linitiative.ca\/International\/wp-json\/wp\/v2\/users\/1740"}],"replies":[{"embeddable":true,"href":"https:\/\/linitiative.ca\/International\/wp-json\/wp\/v2\/comments?post=69647"}],"version-history":[{"count":0,"href":"https:\/\/linitiative.ca\/International\/wp-json\/wp\/v2\/posts\/69647\/revisions"}],"wp:attachment":[{"href":"https:\/\/linitiative.ca\/International\/wp-json\/wp\/v2\/media?parent=69647"}],"wp:term":[{"taxonomy":"category","embeddable":true,"href":"https:\/\/linitiative.ca\/International\/wp-json\/wp\/v2\/categories?post=69647"},{"taxonomy":"post_tag","embeddable":true,"href":"https:\/\/linitiative.ca\/International\/wp-json\/wp\/v2\/tags?post=69647"}],"curies":[{"name":"wp","href":"https:\/\/api.w.org\/{rel}","templated":true}]}}