{"id":69656,"date":"2019-12-08T04:18:00","date_gmt":"2019-12-08T09:18:00","guid":{"rendered":"https:\/\/linitiative.ca\/International\/journees-de-lentreprise-quand-le-sage-parle-on-lecoute\/"},"modified":"2019-12-08T04:18:00","modified_gmt":"2019-12-08T09:18:00","slug":"journees-de-lentreprise-quand-le-sage-parle-on-lecoute","status":"publish","type":"post","link":"https:\/\/linitiative.ca\/International\/journees-de-lentreprise-quand-le-sage-parle-on-lecoute\/","title":{"rendered":"Journ\u00e9es de l\u2019Entreprise : Quand le sage parle, on l\u2019\u00e9coute"},"content":{"rendered":"<p>Youssef Seddik, ce natif de Tozeur poss\u00e8de la sagesse du d\u00e9sert et le savoir des villes. Invit\u00e9 surprise aux Journ\u00e9es de l\u2019Entreprise, le 7 d\u00e9cembre, \u00e0 l\u2019h\u00f4tel El Mouradi (Kantaoui), Youssef Seddik, 76 ans, n\u2019est pas seulement le philosophe, l\u2019\u00e9crivain et l\u2019islamologue que l\u2019on conna\u00eet, il est aussi un anthropologue, c\u2019est-\u00e0-dire, celui qui vous d\u00e9crit l\u2019homme sous toutes ses coutures.<\/p>\n<p>Quand il parle de l\u2019homme \u00ab tunisien \u00bb, il sait de qui et de quoi il parle. Face aux chefs d\u2019entreprise et aux m\u00e9dias, il a lanc\u00e9 un pav\u00e9 dans la mare : \u00ab Mais quelle langue parlent les Tunisiens aujourd\u2019hui \u00bb, se demande-t-il ? Parlent-ils l\u2019arabe, le dialecte, le fran\u00e7ais ? R\u00e9ponse : ils parlent une autre langue bizarre \u2013 une sorte de mixture compos\u00e9e de mots extirp\u00e9s, hors de leur contexte, de diff\u00e9rentes langues. A la radio, \u00e0 la t\u00e9l\u00e9, dans la rue, on entend une phrase qui commence avec un mot fran\u00e7ais, qui se poursuit avec un mot dialectal, puis se termine avec un mot fran\u00e7ais conjugu\u00e9 en arabe ou un mot arabe conjugu\u00e9 en fran\u00e7ais\u2026 Et il en est de m\u00eame des textes \u00e9crits dans de grandes affiches publicitaires, avec des mots qui ont \u00e9pous\u00e9 le \u00ab parler \u00bb local.<\/p>\n<p>Youssef Seddik lance un SOS de d\u00e9tresse pour que l\u2019Etat encourage les citoyens \u00e0 adopter \u00ab une langue unique \u00bb, par exemple, le \u00ab beau dialecte tunisien \u00bb d\u2019antan (celui de Abdelaziz El Aroui). Notre dialecte, pour celui a connu une douzaine de parlers arabes, est \u00ab le meilleur parce qu\u2019il est clair, pr\u00e9cis, compr\u00e9hensible \u00bb. Sinon, qu\u2019on adopte, \u00e0 l\u2019instar de certains pays, la langue courante du fran\u00e7ais qui n\u2019est pas mal aussi. Mais, piti\u00e9 pour nos oreilles, faites un choix et arr\u00eatez avec cette mixture improvis\u00e9e tous les jours, d\u00e9cultur\u00e9e\u2026<\/p>\n<p>Le dialecte tunisien fait partie de nos valeurs ancestrales \u00ab collectives \u00bb. \u00ab J\u2019ai pleur\u00e9 toute la journ\u00e9e quand j\u2019ai appris le drame de Amdoun \u00bb (l\u2019accident routier du 1er d\u00e9cembre). Des fr\u00e8res, des s\u0153urs, des victimes innocentes\u2026 caus\u00e9es par le d\u00e9clin de nos valeurs, par le mensonge.<\/p>\n<p>La premi\u00e8re des valeurs que mon p\u00e8re m\u2019avait inculqu\u00e9e, c\u2019est de ne pas mentir. \u00ab Un jour, il m\u2019avait pos\u00e9 une dr\u00f4le de question : deux enfants qui ne se connaissent pas sont mis face \u00e0 face avec, entre eux, un pistolet. Le dictateur leur dit : celui qui prend le premier le pistolet tire sur l\u2019autre. \u00bb Mon p\u00e8re me demanda : \u00ab Si tu \u00e9tais l\u2019un deux, qu\u2019est-ce que tu ferais ? \u00bb. Je r\u00e9pondis \u00e0 mon p\u00e8re : \u00ab Je saute sur le pistolet et je le tue \u00bb. Mon p\u00e8re \u00e9clata de rire. Je lui dis : mais quoi tu ris ? Il me r\u00e9pondit : \u00ab Comment pourras-tu continuer \u00e0 vivre en sachant que tu as tu\u00e9 quelqu\u2019un que tu ne connaissais pas ! \u00bb<\/p>\n<p class=\"c2\"><strong>Samir Gharbi<\/strong><\/p>\n<p class=\"c3\"><strong>Lire aussi<\/strong><\/p>\n<p class=\"c3\"><a href=\"https:\/\/www.leaders.com.tn\/article\/28584-journees-de-l-entreprise-quand-le-syndicaliste-parle-on-l-ecoute-aussi\" target=\"_blank\" rel=\"noopener noreferrer\">Journ\u00e9es de l\u2019Entreprise : Quand le syndicaliste parle, on l\u2019\u00e9coute aussi<\/a><\/p>\n<p class=\"c3\"><a href=\"https:\/\/www.leaders.com.tn\/article\/28581-youssef-chahed\" target=\"_blank\" rel=\"noopener noreferrer\">Journ\u00e9es de l\u2019Entreprise &#8211; Youssef Chahed : un plaidoyer pro domo<\/a><\/p>\n<p class=\"c3\"><a href=\"https:\/\/www.leaders.com.tn\/article\/28576-journees-de-l-entreprise-mohamed-ennaceur-une-conference-nationale-pour-sortir-de-l-impasse\" target=\"_blank\" rel=\"noopener noreferrer\">Journ\u00e9es de l\u2019Entreprise &#8211; Mohamed Ennaceur : une \u00abconf\u00e9rence nationale\u00bb pour sortir de l\u2019impasse (Album Photos)<\/a><\/p>\n<p class=\"c3\"><a href=\"https:\/\/www.leaders.com.tn\/article\/28574-journees-de-l-entreprise-nafaa-ennaifer-il-est-interdit-de-ne-rien-faire\" target=\"_blank\" rel=\"noopener noreferrer\">Journ\u00e9es de l\u2019Entreprise &#8211; Nafaa Ennaifer: Il est interdit de ne rien faire (Album Photos)<\/a><\/p>\n<p class=\"c3\"><a href=\"https:\/\/www.leaders.com.tn\/article\/28574-journees-de-l-entreprise-nafaa-ennaifer-il-est-interdit-de-ne-rien-faire\" target=\"_blank\" rel=\"noopener noreferrer\">Journ\u00e9es de l\u2019Entreprise &#8211; Nafaa Ennaifer: Il est interdit de ne rien faire (Album Photos)<\/a><\/p>\n<p class=\"c3\"><a href=\"https:\/\/www.leaders.com.tn\/article\/28573-journees-de-l-entreprise-taieb-bayahi-renverser-la-table-s-il-le-faut\" target=\"_blank\" rel=\"noopener noreferrer\">Journ\u00e9es de l\u2019Entreprise &#8211; Ta\u00efeb Bayahi:\u00a0 Renverser la table, s\u2019il le faut ! (Album Photos)<\/a><\/p>\n<p class=\"c3\"><a href=\"https:\/\/www.leaders.com.tn\/article\/28572-conference-iace-une-etoile-est-nee\" target=\"_blank\" rel=\"noopener noreferrer\">Journ\u00e9es de l&rsquo;Entreprise : Une \u00e9toile est n\u00e9e \u00e0 El Kantaoui, Aya Ben Saad (Album photos)<\/a><\/p>\n<p class=\"c3\"><a href=\"https:\/\/www.leaders.com.tn\/article\/28558-a-l-occasion-des-journees-de-l-iace-competitivite-oh-miroir-mon-beau-miroir\" target=\"_blank\" rel=\"noopener noreferrer\">A l\u2019occasion des Journ\u00e9es de l\u2019IACE &#8211; Comp\u00e9titivit\u00e9: \u00ab\u00d4 miroir, mon beau miroir\u2026 \u00bb<\/a><\/p>\n<p class=\"c3\"><a href=\"https:\/\/www.leaders.com.tn\/article\/28555-iace-un-lanceur-d-alerte-tunisien\" target=\"_blank\" rel=\"noopener noreferrer\">Samir Gharbi &#8211; IACE : un lanceur d\u2019alerte tunisien?<\/a><\/p>\n<p class=\"c3\">\u00a0<\/p>\n<p>Auteur:<br \/>\n<a href=\"https:\/\/www.leaders.com.tn\/article\/28582-journees-de-l-entreprise-quand-le-sage-parle-on-l-ecoute\">Cliquez ici pour lire l&rsquo;article depuis sa source.<\/a><\/p>\n","protected":false},"excerpt":{"rendered":"<p>Youssef Seddik, ce natif de Tozeur poss\u00e8de la sagesse du d\u00e9sert et le savoir des villes. Invit\u00e9 surprise aux Journ\u00e9es de l\u2019Entreprise, le 7 d\u00e9cembre, \u00e0 l\u2019h\u00f4tel El Mouradi (Kantaoui), Youssef Seddik, 76 ans, n\u2019est pas seulement le philosophe, l\u2019\u00e9crivain et l\u2019islamologue que l\u2019on conna\u00eet, il est aussi un anthropologue, c\u2019est-\u00e0-dire, celui qui vous d\u00e9crit [&hellip;]<\/p>\n","protected":false},"author":1772,"featured_media":0,"comment_status":"closed","ping_status":"closed","sticky":false,"template":"","format":"standard","meta":{"fifu_image_url":"","fifu_image_alt":"","footnotes":""},"categories":[73,55],"tags":[],"class_list":["post-69656","post","type-post","status-publish","format-standard","hentry","category-actualite","category-tunisie"],"_links":{"self":[{"href":"https:\/\/linitiative.ca\/International\/wp-json\/wp\/v2\/posts\/69656","targetHints":{"allow":["GET"]}}],"collection":[{"href":"https:\/\/linitiative.ca\/International\/wp-json\/wp\/v2\/posts"}],"about":[{"href":"https:\/\/linitiative.ca\/International\/wp-json\/wp\/v2\/types\/post"}],"author":[{"embeddable":true,"href":"https:\/\/linitiative.ca\/International\/wp-json\/wp\/v2\/users\/1772"}],"replies":[{"embeddable":true,"href":"https:\/\/linitiative.ca\/International\/wp-json\/wp\/v2\/comments?post=69656"}],"version-history":[{"count":0,"href":"https:\/\/linitiative.ca\/International\/wp-json\/wp\/v2\/posts\/69656\/revisions"}],"wp:attachment":[{"href":"https:\/\/linitiative.ca\/International\/wp-json\/wp\/v2\/media?parent=69656"}],"wp:term":[{"taxonomy":"category","embeddable":true,"href":"https:\/\/linitiative.ca\/International\/wp-json\/wp\/v2\/categories?post=69656"},{"taxonomy":"post_tag","embeddable":true,"href":"https:\/\/linitiative.ca\/International\/wp-json\/wp\/v2\/tags?post=69656"}],"curies":[{"name":"wp","href":"https:\/\/api.w.org\/{rel}","templated":true}]}}