{"id":69660,"date":"2019-12-08T10:46:00","date_gmt":"2019-12-08T15:46:00","guid":{"rendered":"https:\/\/linitiative.ca\/International\/journees-de-lentreprise-quand-le-syndicaliste-parle-on-lecoute-aussi\/"},"modified":"2019-12-08T10:46:00","modified_gmt":"2019-12-08T15:46:00","slug":"journees-de-lentreprise-quand-le-syndicaliste-parle-on-lecoute-aussi","status":"publish","type":"post","link":"https:\/\/linitiative.ca\/International\/journees-de-lentreprise-quand-le-syndicaliste-parle-on-lecoute-aussi\/","title":{"rendered":"Journ\u00e9es de l\u2019Entreprise : Quand le syndicaliste parle, on l\u2019\u00e9coute aussi"},"content":{"rendered":"<p>Nous avons \u00ab \u00e9cout\u00e9 \u00bb Youssef Seddik, le sage de Tozeur. Place maintenant \u00e0 Houcine Abassi, 72 ans, 13e secr\u00e9taire g\u00e9n\u00e9ral de l\u2019UGTT, l\u2019Union g\u00e9n\u00e9rale tunisienne du travail (de 2011 \u00e0 2017). Il porte toujours en lui a modestie d\u2019ancien \u00ab instit \u00bb. L\u2019aur\u00e9ole du \u00ab Nobel de la paix \u00bb qui lui a \u00e9t\u00e9 d\u00e9cern\u00e9 en 2015 \u2013 \u00e0 lui et \u00e0 ses partenaires du Quartet du dialogue national (2013-2014) semble \u00eatre un accessoire&#8230; Il parle si doucement que l\u2019on oublie qu\u2019il \u00e9tait un fervent d\u00e9fenseur du droit des travailleurs. Il parle, en fait, comme un \u00ab patriote \u00bb, une race en cours de disparition depuis 2011.<\/p>\n<p>C\u2019est gr\u00e2ce \u00e0 son ouverture d\u2019esprit qu\u2019il avait accept\u00e9 l\u2019id\u00e9e de se pencher sur le sort dramatique du \u00abpatient tunisien \u00bb. Il accepta m\u00eame de le faire avec son adversaire \u2013 mais pas son ennemie \u2013 la pr\u00e9sidente du patronat tunisien (Wided Bouchamaoui) et deux autres militants syndicalistes qui dirigeaient le Conseil de l&rsquo;Ordre national des avocats et la Ligue des droits de l&rsquo;homme.<\/p>\n<p>Cette p\u00e9riode cl\u00e9 de l\u2019histoire tunisienne post-2011 \u00e9tait marqu\u00e9e par une crise profonde et dangereuse (assassinats politiques, violence). Le pays ne savait plus distinguer entre le bien et le mal. \u00ab L\u2019Etat avait perdu son r\u00f4le dans l\u2019\u00e9ducation de ses citoyens, et plus particuli\u00e8rement de ses enfants \u00bb, murmure Houcine Abassi.<br \/>Ce th\u00e8me du \u00ab bien \u00bb et du \u00ab mal \u00bb \u00e9tait justement au centre des d\u00e9bats de la 34e conf\u00e9rence de l\u2019IACE, le 7 d\u00e9cembre, \u00e0 Kantaoui-Sousse (Journ\u00e9es de l\u2019Entreprise). Les Tunisiens ont perdu, dit Abassi, la \u00ab connaissance \u00bb de leur pays, l\u2019amour m\u00eame de leur pays, ils d\u00e9couvraient ahuris une nouvelle classe de \u00ab riches \u00bb (n\u00e9e sur les d\u00e9combres de 2011 et l\u2019absence d\u2019Etat). La \u00ab classe des gens honn\u00eates \u00bb \u00e9tait d\u00e9class\u00e9e\u2026<\/p>\n<p>Le pays vivait sans \u00ab institutions \u00bb protectrices, les infrastructures \u00e9taient d\u00e9laiss\u00e9es, les discours et les programmes des beaux \u00ab nouveaux parleurs \u00bb n\u2019\u00e9taient pas suivis d\u2019effets. Les querelles politiques \u00e9taient \u00e0 leur comble. La haine a envahi les c\u0153urs. Chacun pour soi et dieu pour personne !<br \/>Il n\u2019y avait plus que l\u2019option du \u00ab tawafek \u00bb (concorde, consensus). Le \u00ab Quartet \u00bb a r\u00e9ussi \u00e0 relever l\u2019impossible d\u00e9fi. Mais cette r\u00e9ussite s\u2019est av\u00e9r\u00e9e sans lendemain qui chante. Car apr\u00e8s les \u00e9lections de 2014, la flamme est retomb\u00e9e. Elle s\u2019est m\u00eame \u00e9teinte. Cinq ans apr\u00e8s, la crise est certes moins violente, mais elle a pris plusieurs visages.<br \/>L\u2019ancien instituteur de Sbikha, petite ville au centre de la Tunisie, semble d\u00e9sempar\u00e9. S\u2019adressant aux responsables de l\u2019IACE, il dit : \u00ab Vous allez faire des recommandations, c\u2019est bien. Mais le pouvoir ex\u00e9cutif n\u2019est pas entre vos mains. Je ne suis pas optimiste, je ne suis pas pessimiste non plus. Mais je ne vois pas l\u2019horizon. \u00bb<\/p>\n<p>Faut-il \u00e0 nouveau recourir au \u00ab Quartet \u00bb ? Mais entre qui, avec qui et dans quel but ? La classe politique actuelle semble incapable de s\u2019entendre sur \u00ab quelle Tunisie \u00bb elle envisage pour demain\u2026<\/p>\n<p>Ne perdant pas sa lucidit\u00e9, Houcine Abassi a demand\u00e9 aux chefs d\u2019entreprise de faire un geste en direction de la jeune : aider (financi\u00e8rement) des jeunes \u2013 comme Ela Ben Saad qui s\u2019est exprim\u00e9 ici m\u00eame le 6 d\u00e9cembre \u2013 \u00e0 poursuivre leurs \u00e9tudes. Ce qu\u2019ils ont promis de faire. De bon c\u0153ur.<\/p>\n<p class=\"c2\"><strong>Samir Gharbi<\/strong><\/p>\n<p class=\"c3\"><strong>Lire aussi<\/strong><\/p>\n<p class=\"c3\"><a href=\"https:\/\/www.leaders.com.tn\/article\/28582-journees-de-l-entreprise-quand-le-sage-parle-on-l-ecoute\">Journ\u00e9es de l\u2019Entreprise : Quand le sage parle, on l\u2019\u00e9coute<\/a><\/p>\n<p class=\"c3\"><a href=\"https:\/\/www.leaders.com.tn\/article\/28581-youssef-chahed\" target=\"_blank\" rel=\"noopener noreferrer\">Journ\u00e9es de l\u2019Entreprise &#8211; Youssef Chahed : un plaidoyer pro domo<\/a><\/p>\n<p class=\"c3\"><a href=\"https:\/\/www.leaders.com.tn\/article\/28576-journees-de-l-entreprise-mohamed-ennaceur-une-conference-nationale-pour-sortir-de-l-impasse\" target=\"_blank\" rel=\"noopener noreferrer\">Journ\u00e9es de l\u2019Entreprise &#8211; Mohamed Ennaceur : une \u00abconf\u00e9rence nationale\u00bb pour sortir de l\u2019impasse (Album Photos)<\/a><\/p>\n<p class=\"c3\"><a href=\"https:\/\/www.leaders.com.tn\/article\/28574-journees-de-l-entreprise-nafaa-ennaifer-il-est-interdit-de-ne-rien-faire\" target=\"_blank\" rel=\"noopener noreferrer\">Journ\u00e9es de l\u2019Entreprise &#8211; Nafaa Ennaifer: Il est interdit de ne rien faire (Album Photos)<\/a><\/p>\n<p class=\"c3\"><a href=\"https:\/\/www.leaders.com.tn\/article\/28574-journees-de-l-entreprise-nafaa-ennaifer-il-est-interdit-de-ne-rien-faire\" target=\"_blank\" rel=\"noopener noreferrer\">Journ\u00e9es de l\u2019Entreprise &#8211; Nafaa Ennaifer: Il est interdit de ne rien faire (Album Photos)<\/a><\/p>\n<p class=\"c3\"><a href=\"https:\/\/www.leaders.com.tn\/article\/28573-journees-de-l-entreprise-taieb-bayahi-renverser-la-table-s-il-le-faut\" target=\"_blank\" rel=\"noopener noreferrer\">Journ\u00e9es de l\u2019Entreprise &#8211; Ta\u00efeb Bayahi:\u00a0 Renverser la table, s\u2019il le faut ! (Album Photos)<\/a><\/p>\n<p class=\"c3\"><a href=\"https:\/\/www.leaders.com.tn\/article\/28572-conference-iace-une-etoile-est-nee\" target=\"_blank\" rel=\"noopener noreferrer\">Journ\u00e9es de l&rsquo;Entreprise : Une \u00e9toile est n\u00e9e \u00e0 El Kantaoui, Aya Ben Saad (Album photos)<\/a><\/p>\n<p class=\"c3\"><a href=\"https:\/\/www.leaders.com.tn\/article\/28558-a-l-occasion-des-journees-de-l-iace-competitivite-oh-miroir-mon-beau-miroir\" target=\"_blank\" rel=\"noopener noreferrer\">A l\u2019occasion des Journ\u00e9es de l\u2019IACE &#8211; Comp\u00e9titivit\u00e9: \u00ab\u00d4 miroir, mon beau miroir\u2026 \u00bb<\/a><\/p>\n<p class=\"c3\"><a href=\"https:\/\/www.leaders.com.tn\/article\/28555-iace-un-lanceur-d-alerte-tunisien\" target=\"_blank\" rel=\"noopener noreferrer\">Samir Gharbi &#8211; IACE : un lanceur d\u2019alerte tunisien?<\/a><\/p>\n<p>Auteur:<br \/>\n<a href=\"https:\/\/www.leaders.com.tn\/article\/28584-journees-de-l-entreprise-quand-le-syndicaliste-parle-on-l-ecoute-aussi\">Cliquez ici pour lire l&rsquo;article depuis sa source.<\/a><\/p>\n","protected":false},"excerpt":{"rendered":"<p>Nous avons \u00ab \u00e9cout\u00e9 \u00bb Youssef Seddik, le sage de Tozeur. Place maintenant \u00e0 Houcine Abassi, 72 ans, 13e secr\u00e9taire g\u00e9n\u00e9ral de l\u2019UGTT, l\u2019Union g\u00e9n\u00e9rale tunisienne du travail (de 2011 \u00e0 2017). Il porte toujours en lui a modestie d\u2019ancien \u00ab instit \u00bb. L\u2019aur\u00e9ole du \u00ab Nobel de la paix \u00bb qui lui a \u00e9t\u00e9 [&hellip;]<\/p>\n","protected":false},"author":1772,"featured_media":0,"comment_status":"closed","ping_status":"closed","sticky":false,"template":"","format":"standard","meta":{"fifu_image_url":"","fifu_image_alt":"","footnotes":""},"categories":[73,55],"tags":[],"class_list":["post-69660","post","type-post","status-publish","format-standard","hentry","category-actualite","category-tunisie"],"_links":{"self":[{"href":"https:\/\/linitiative.ca\/International\/wp-json\/wp\/v2\/posts\/69660","targetHints":{"allow":["GET"]}}],"collection":[{"href":"https:\/\/linitiative.ca\/International\/wp-json\/wp\/v2\/posts"}],"about":[{"href":"https:\/\/linitiative.ca\/International\/wp-json\/wp\/v2\/types\/post"}],"author":[{"embeddable":true,"href":"https:\/\/linitiative.ca\/International\/wp-json\/wp\/v2\/users\/1772"}],"replies":[{"embeddable":true,"href":"https:\/\/linitiative.ca\/International\/wp-json\/wp\/v2\/comments?post=69660"}],"version-history":[{"count":0,"href":"https:\/\/linitiative.ca\/International\/wp-json\/wp\/v2\/posts\/69660\/revisions"}],"wp:attachment":[{"href":"https:\/\/linitiative.ca\/International\/wp-json\/wp\/v2\/media?parent=69660"}],"wp:term":[{"taxonomy":"category","embeddable":true,"href":"https:\/\/linitiative.ca\/International\/wp-json\/wp\/v2\/categories?post=69660"},{"taxonomy":"post_tag","embeddable":true,"href":"https:\/\/linitiative.ca\/International\/wp-json\/wp\/v2\/tags?post=69660"}],"curies":[{"name":"wp","href":"https:\/\/api.w.org\/{rel}","templated":true}]}}