{"id":69661,"date":"2019-12-08T15:19:00","date_gmt":"2019-12-08T20:19:00","guid":{"rendered":"https:\/\/linitiative.ca\/International\/journees-de-lentreprise-wided-bouchamaoui-lavenement-dune-nouvelle-mentalite\/"},"modified":"2019-12-08T15:19:00","modified_gmt":"2019-12-08T20:19:00","slug":"journees-de-lentreprise-wided-bouchamaoui-lavenement-dune-nouvelle-mentalite","status":"publish","type":"post","link":"https:\/\/linitiative.ca\/International\/journees-de-lentreprise-wided-bouchamaoui-lavenement-dune-nouvelle-mentalite\/","title":{"rendered":"Journ\u00e9es de l\u2019Entreprise &#8211; Wided Bouchamaoui : l\u2019av\u00e8nement d\u2019une nouvelle mentalit\u00e9"},"content":{"rendered":"<p>Pourquoi des jeunes se mettent-ils \u00e0 \u00ab casser \u00bb ? S\u2019ils avaient appris \u00ab \u00e0 bien aimer leur famille, leurs voisins, leur pays \u00bb, ces jeunes ne seraient certainement pas devenus des casseurs ou des voleurs\u2026 Cette r\u00e9flexion m\u2019est venue \u00e0 l\u2019esprit quand j\u2019ai tendu l\u2019oreille pour \u00e9couter les premi\u00e8res paroles de Wided Bouchamaoui. Et je suis rest\u00e9 clou\u00e9 sur ma chaise pour continuer \u00e0 l\u2019\u00e9couter attentivement lors de cette derni\u00e8re matin\u00e9e de d\u00e9bats organis\u00e9s \u00e0 l\u2019occasion de la 34e conf\u00e9rence de l\u2019IACE, le 7 d\u00e9cembre, \u00e0 Kantaoui-Sousse (Journ\u00e9es de l\u2019Entreprise).<\/p>\n<p>Wided Bouchamaoui, 58 ans, a gard\u00e9 cette \u00ab flamme \u00bb de jeunesse. Elle qui a grandi dans un village \u00e0 5 km de Gab\u00e8s, Bouchama. Elle qui a travaill\u00e9 comme tous les autres, avant de devenir ce qu\u2019elle est aujourd\u2019hui, une \u00ab cheffe d\u2019entreprise \u00bb (SVP, ne lui dites pas \u00ab femme d\u2019affaires \u00bb, elle se vexera). Elle avait l\u2019avantage d\u2019avoir un p\u00e8re encore plus travailleur qu\u2019elle, patron d\u2019une petite entreprise de b\u00e2timent au d\u00e9but des ann\u00e9es 1960, devenir \u00ab b\u00e2tisseur \u00bb d\u2019entreprises. Et de ce p\u00e8re entrepreneur, coriace, t\u00e9m\u00e9raire, chanceux, elle a recueilli le savoir-faire, l\u2019\u00e9ducation. Elle a appris la le\u00e7on et elle a fond\u00e9 sa propre entreprise pour faire des fils de coton en 1994\u2026 Le groupe Bouchamaoui a entre temps grandi et s\u2019est diversifi\u00e9. La famille qui le dirige est unie. D\u2019autres enfants de riches auraient pu \u00ab mal tourner \u00bb, mais pas Wided en particulier, puisque c\u2019est d\u2019elle que je parle aujourd\u2019hui.<\/p>\n<p>Devant ses confr\u00e8res et ses cons\u0153urs, elle a dit des mots justes : \u00ab Ce qui a manqu\u00e9 \u00e0 la Tunisie, c\u2019est de miser sur le capital humain. \u00bb Nuance : ce n\u2019est pas le capital humain qui manque, c\u2019est sa mise en valeur, sa formation, son \u00e9mancipation\u2026<\/p>\n<p>\u00ab J\u2019ai vu des \u00e9coles dans un \u00e9tat d\u00e9plorable. \u00bb Un \u00e9tat qui d\u00e9courage tant les profs que les \u00e9l\u00e8ves\u2026 Avec l\u2019accord de mes coll\u00e8gues de l\u2019Utica (Union patronale qui regroupe quelque 150 000 entreprises, hors tourisme et secteur financier) \u2013 dont elle a pris la direction en mai 2011 \u2013, j\u2019ai pris l\u2019initiative de proposer aux autorit\u00e9s de r\u00e9habiliter un certain nombre d\u2019\u00e9coles prioritaires. La haute administration mettra du temps pour lui r\u00e9pondre. Elle aura enfin une liste en 2015\u2026 avec l\u2019arriv\u00e9e du ministre de l\u2019Education, N\u00e9ji Jalloul. Trois millions de dinars seront ainsi vers\u00e9s par l\u2019Utica dans un effort ponctuel de r\u00e9habilitation de quelques \u00e9coles. Une goutte d\u2019eau. Mais si tous les riches faisaient pareil, si l\u2019Etat faisait son devoir, l\u2019\u00e9ducation ne serait pas aujourd\u2019hui dans un \u00e9tat toujours lamentable en ville comme dans les campagnes.<\/p>\n<p>Il faut, mart\u00e8le Wided, inculquer aux jeunes l\u2019histoire de leur pays, leur apprendre les valeurs de respect, l\u2019amour du travail. \u00ab De mon temps, l\u2019\u00e9cole \u00e9tait le centre de tout. Des enfants de pauvres et enfants de riches pouvaient faire ensemble une excursion ou participer \u00e0 une activit\u00e9 de club. Nous n\u2019\u00e9tions pas d\u00e9laiss\u00e9s. Nous nous connaissons les uns les autres. Nous nous aimions. Cette Tunisie l\u00e0 a disparu ! \u00bb<\/p>\n<p>Aujourd\u2019hui, nous voyons des jeunes \u2013 faire comme leurs parents \u2013 jeter des m\u00e9gots par terre, griller un feu rouge, traverser la chauss\u00e9e n\u2019importe comment\u2026 C\u2019est une autre mentalit\u00e9. Le signe d\u2019un d\u00e9but de d\u00e9cadence.<\/p>\n<p>Mais, conclut Wided, la Tunisie a encore des comp\u00e9tences ici et partout ailleurs dans le monde. Les Tunisiens sont capables de s\u2019adapter, de s\u2019acclimater avec l\u2019environnement o\u00f9 ils vivent. Lorsqu\u2019ils sont \u00e0 l\u2019\u00e9tranger, ils se comportent dignement. D\u00e8s qu\u2019ils franchissent le \u00ab seuil \u00bb d\u2019un consulat tunisien ou qu\u2019ils reviennent, ils se retransforment dans le mauvais sens du terme\u2026<\/p>\n<p>Comment sortir de cette \u00ab azma akhlaquiya \u00bb (crise morale) ? \u00ab Nous avons beaucoup de jeunes comme Ela Ben Saad (qui est intervenue au d\u00e9but de ces Journ\u00e9es, le 6 d\u00e9cembre). Nous pouvons r\u00e9ussir avec rien du tout\u2026 \u00bb<\/p>\n<p>A une condition : que les \u00ab politiques \u00bb s\u2019y mettent pour combler le \u00ab gap \u00bb qui les s\u00e9pare des jeunes pour qu\u2019enfin les \u00ab mentalit\u00e9s \u00bb commencent \u00e0 changer en bien et \u00e0 tous les niveaux de la soci\u00e9t\u00e9. C\u2019est un d\u00e9fi primordial.<\/p>\n<p class=\"c2\"><strong>Samir Gharbi<\/strong><\/p>\n<p class=\"c3\"><strong>Lire aussi<\/strong><\/p>\n<p class=\"c3\"><a href=\"https:\/\/www.leaders.com.tn\/article\/28582-journees-de-l-entreprise-quand-le-sage-parle-on-l-ecoute\" target=\"_blank\" rel=\"noopener noreferrer\">Journ\u00e9es de l\u2019Entreprise : Quand le sage parle, on l\u2019\u00e9coute<\/a><\/p>\n<p class=\"c3\"><a href=\"https:\/\/www.leaders.com.tn\/article\/28584-journees-de-l-entreprise-quand-le-syndicaliste-parle-on-l-ecoute-aussi\" target=\"_blank\" rel=\"noopener noreferrer\">Journ\u00e9es de l\u2019Entreprise : Quand le syndicaliste parle, on l\u2019\u00e9coute aussi<\/a><\/p>\n<p class=\"c3\"><a href=\"https:\/\/www.leaders.com.tn\/article\/28581-youssef-chahed\" target=\"_blank\" rel=\"noopener noreferrer\">Journ\u00e9es de l\u2019Entreprise &#8211; Youssef Chahed : un plaidoyer pro domo<\/a><\/p>\n<p class=\"c3\"><a href=\"https:\/\/www.leaders.com.tn\/article\/28576-journees-de-l-entreprise-mohamed-ennaceur-une-conference-nationale-pour-sortir-de-l-impasse\" target=\"_blank\" rel=\"noopener noreferrer\">Journ\u00e9es de l\u2019Entreprise &#8211; Mohamed Ennaceur : une \u00abconf\u00e9rence nationale\u00bb pour sortir de l\u2019impasse (Album Photos)<\/a><\/p>\n<p class=\"c3\"><a href=\"https:\/\/www.leaders.com.tn\/article\/28574-journees-de-l-entreprise-nafaa-ennaifer-il-est-interdit-de-ne-rien-faire\" target=\"_blank\" rel=\"noopener noreferrer\">Journ\u00e9es de l\u2019Entreprise &#8211; Nafaa Ennaifer: Il est interdit de ne rien faire (Album Photos)<\/a><\/p>\n<p class=\"c3\"><a href=\"https:\/\/www.leaders.com.tn\/article\/28574-journees-de-l-entreprise-nafaa-ennaifer-il-est-interdit-de-ne-rien-faire\" target=\"_blank\" rel=\"noopener noreferrer\">Journ\u00e9es de l\u2019Entreprise &#8211; Nafaa Ennaifer: Il est interdit de ne rien faire (Album Photos)<\/a><\/p>\n<p class=\"c3\"><a href=\"https:\/\/www.leaders.com.tn\/article\/28573-journees-de-l-entreprise-taieb-bayahi-renverser-la-table-s-il-le-faut\" target=\"_blank\" rel=\"noopener noreferrer\">Journ\u00e9es de l\u2019Entreprise &#8211; Ta\u00efeb Bayahi:\u00a0 Renverser la table, s\u2019il le faut ! (Album Photos)<\/a><\/p>\n<p class=\"c3\"><a href=\"https:\/\/www.leaders.com.tn\/article\/28572-conference-iace-une-etoile-est-nee\" target=\"_blank\" rel=\"noopener noreferrer\">Journ\u00e9es de l&rsquo;Entreprise : Une \u00e9toile est n\u00e9e \u00e0 El Kantaoui, Aya Ben Saad (Album photos)<\/a><\/p>\n<p class=\"c3\"><a href=\"https:\/\/www.leaders.com.tn\/article\/28558-a-l-occasion-des-journees-de-l-iace-competitivite-oh-miroir-mon-beau-miroir\" target=\"_blank\" rel=\"noopener noreferrer\">A l\u2019occasion des Journ\u00e9es de l\u2019IACE &#8211; Comp\u00e9titivit\u00e9: \u00ab\u00d4 miroir, mon beau miroir\u2026 \u00bb<\/a><\/p>\n<p class=\"c3\"><a href=\"https:\/\/www.leaders.com.tn\/article\/28555-iace-un-lanceur-d-alerte-tunisien\" target=\"_blank\" rel=\"noopener noreferrer\">Samir Gharbi &#8211; IACE : un lanceur d\u2019alerte tunisien?<\/a><\/p>\n<p class=\"c3\">\u00a0<\/p>\n<p class=\"c3\">\u00a0<\/p>\n<p>Auteur:<br \/>\n<a href=\"https:\/\/www.leaders.com.tn\/article\/28585-journees-de-l-entreprise-wided-bouchamaoui-l-avenement-d-une-nouvelle-mentalite\">Cliquez ici pour lire l&rsquo;article depuis sa source.<\/a><\/p>\n","protected":false},"excerpt":{"rendered":"<p>Pourquoi des jeunes se mettent-ils \u00e0 \u00ab casser \u00bb ? S\u2019ils avaient appris \u00ab \u00e0 bien aimer leur famille, leurs voisins, leur pays \u00bb, ces jeunes ne seraient certainement pas devenus des casseurs ou des voleurs\u2026 Cette r\u00e9flexion m\u2019est venue \u00e0 l\u2019esprit quand j\u2019ai tendu l\u2019oreille pour \u00e9couter les premi\u00e8res paroles de Wided Bouchamaoui. Et [&hellip;]<\/p>\n","protected":false},"author":1772,"featured_media":0,"comment_status":"closed","ping_status":"closed","sticky":false,"template":"","format":"standard","meta":{"fifu_image_url":"","fifu_image_alt":"","footnotes":""},"categories":[73,55],"tags":[],"class_list":["post-69661","post","type-post","status-publish","format-standard","hentry","category-actualite","category-tunisie"],"_links":{"self":[{"href":"https:\/\/linitiative.ca\/International\/wp-json\/wp\/v2\/posts\/69661","targetHints":{"allow":["GET"]}}],"collection":[{"href":"https:\/\/linitiative.ca\/International\/wp-json\/wp\/v2\/posts"}],"about":[{"href":"https:\/\/linitiative.ca\/International\/wp-json\/wp\/v2\/types\/post"}],"author":[{"embeddable":true,"href":"https:\/\/linitiative.ca\/International\/wp-json\/wp\/v2\/users\/1772"}],"replies":[{"embeddable":true,"href":"https:\/\/linitiative.ca\/International\/wp-json\/wp\/v2\/comments?post=69661"}],"version-history":[{"count":0,"href":"https:\/\/linitiative.ca\/International\/wp-json\/wp\/v2\/posts\/69661\/revisions"}],"wp:attachment":[{"href":"https:\/\/linitiative.ca\/International\/wp-json\/wp\/v2\/media?parent=69661"}],"wp:term":[{"taxonomy":"category","embeddable":true,"href":"https:\/\/linitiative.ca\/International\/wp-json\/wp\/v2\/categories?post=69661"},{"taxonomy":"post_tag","embeddable":true,"href":"https:\/\/linitiative.ca\/International\/wp-json\/wp\/v2\/tags?post=69661"}],"curies":[{"name":"wp","href":"https:\/\/api.w.org\/{rel}","templated":true}]}}