{"id":69662,"date":"2019-12-08T02:46:27","date_gmt":"2019-12-08T07:46:27","guid":{"rendered":"https:\/\/linitiative.ca\/International\/am-invest-morocco-renforce-sa-participation-dans-le-capital-dinvolys\/"},"modified":"2019-12-08T02:46:27","modified_gmt":"2019-12-08T07:46:27","slug":"am-invest-morocco-renforce-sa-participation-dans-le-capital-dinvolys","status":"publish","type":"post","link":"https:\/\/linitiative.ca\/International\/am-invest-morocco-renforce-sa-participation-dans-le-capital-dinvolys\/","title":{"rendered":"AM Invest Morocco renforce sa participation dans le capital d\u2019Involys"},"content":{"rendered":"<p><strong>L\u2019Autorit\u00e9 marocaine du march\u00e9 des capitaux (AMMC) a annonc\u00e9 que la soci\u00e9t\u00e9 AM Invest Morocco SA a franchi \u00e0 la hausse le seuil de participation de 33,33% dans le capital d\u2019Involys.<\/strong><\/p>\n<div class=\"c10\"\/>\n<p>\u00ab\u00a0La soci\u00e9t\u00e9 AM Invest Morocco SA, repr\u00e9sent\u00e9e par son pr\u00e9sident directeur g\u00e9n\u00e9ral Mohamed Bassim Jai Hokimi, a d\u00e9clar\u00e9 avoir acquis sur le march\u00e9 de blocs, en date du 3 d\u00e9cembre 2019, 13.965 actions Involys au cours unitaire de 160 dirhams\u00a0\u00bb, indique l\u2019AMMC dans un communiqu\u00e9.<\/p>\n<p>Suite \u00e0 cette transaction, AM Invest Morocco d\u00e9clare d\u00e9tenir 141.357 actions Involys, soit 36,93% du capital de ladite soci\u00e9t\u00e9, fait savoir la m\u00eame source.<\/p>\n<p>Dans les douze mois qui suivent le franchissement du seuil pr\u00e9cit\u00e9, AM Invest Morocco envisage de poursuivre ses achats sur la valeur Involys, conclut le communiqu\u00e9.<\/p>\n<div class=\"c17\">\n<fieldset class=\"c16\">\n<legend><strong><span class=\"c11\">Challenge<\/span><span class=\"c12\">news<\/span><\/strong><\/legend>\n<div class=\"c15\">Le meilleur de Challenge s\u00e9lectionn\u00e9 par la r\u00e9daction :<\/p>\n<\/div>\n<\/fieldset>\n<\/div>\n<p>Auteur: challenge<br \/>\n<a href=\"https:\/\/www.challenge.ma\/am-invest-morocco-renforce-sa-participation-dans-le-capital-dinvolys-125100\/\">Cliquez ici pour lire l&rsquo;article depuis sa source.<\/a><\/p>\n","protected":false},"excerpt":{"rendered":"<p>L\u2019Autorit\u00e9 marocaine du march\u00e9 des capitaux (AMMC) a annonc\u00e9 que la soci\u00e9t\u00e9 AM Invest Morocco SA a franchi \u00e0 la hausse le seuil de participation de 33,33% dans le capital d\u2019Involys. \u00ab\u00a0La soci\u00e9t\u00e9 AM Invest Morocco SA, repr\u00e9sent\u00e9e par son pr\u00e9sident directeur g\u00e9n\u00e9ral Mohamed Bassim Jai Hokimi, a d\u00e9clar\u00e9 avoir acquis sur le march\u00e9 de [&hellip;]<\/p>\n","protected":false},"author":1787,"featured_media":0,"comment_status":"closed","ping_status":"closed","sticky":false,"template":"","format":"standard","meta":{"fifu_image_url":"","fifu_image_alt":"","footnotes":""},"categories":[78,54],"tags":[],"class_list":["post-69662","post","type-post","status-publish","format-standard","hentry","category-economie","category-maroc"],"_links":{"self":[{"href":"https:\/\/linitiative.ca\/International\/wp-json\/wp\/v2\/posts\/69662","targetHints":{"allow":["GET"]}}],"collection":[{"href":"https:\/\/linitiative.ca\/International\/wp-json\/wp\/v2\/posts"}],"about":[{"href":"https:\/\/linitiative.ca\/International\/wp-json\/wp\/v2\/types\/post"}],"author":[{"embeddable":true,"href":"https:\/\/linitiative.ca\/International\/wp-json\/wp\/v2\/users\/1787"}],"replies":[{"embeddable":true,"href":"https:\/\/linitiative.ca\/International\/wp-json\/wp\/v2\/comments?post=69662"}],"version-history":[{"count":0,"href":"https:\/\/linitiative.ca\/International\/wp-json\/wp\/v2\/posts\/69662\/revisions"}],"wp:attachment":[{"href":"https:\/\/linitiative.ca\/International\/wp-json\/wp\/v2\/media?parent=69662"}],"wp:term":[{"taxonomy":"category","embeddable":true,"href":"https:\/\/linitiative.ca\/International\/wp-json\/wp\/v2\/categories?post=69662"},{"taxonomy":"post_tag","embeddable":true,"href":"https:\/\/linitiative.ca\/International\/wp-json\/wp\/v2\/tags?post=69662"}],"curies":[{"name":"wp","href":"https:\/\/api.w.org\/{rel}","templated":true}]}}