{"id":69667,"date":"2019-12-08T15:18:32","date_gmt":"2019-12-08T20:18:32","guid":{"rendered":"https:\/\/linitiative.ca\/International\/insolite-en-france-une-maire-interdit-a-ces-administres-de-mourir-les-weekends-et-jours-feries\/"},"modified":"2019-12-08T15:18:32","modified_gmt":"2019-12-08T20:18:32","slug":"insolite-en-france-une-maire-interdit-a-ces-administres-de-mourir-les-weekends-et-jours-feries","status":"publish","type":"post","link":"https:\/\/linitiative.ca\/International\/insolite-en-france-une-maire-interdit-a-ces-administres-de-mourir-les-weekends-et-jours-feries\/","title":{"rendered":"INSOLITE\u00a0: En France, une maire interdit \u00e0 ces administr\u00e9s de mourir les weekends et jours f\u00e9ri\u00e9s"},"content":{"rendered":"<div class=\"post-cont-in left relative\">\n<div class=\"swp_social_panel swp_horizontal_panel swp_flat_fresh swp_default_full_color swp_individual_full_color swp_other_full_color scale-100 scale-\" data-min-width=\"1100\" data-float-color=\"#ffffff\" data-float=\"none\" data-float-mobile=\"none\" data-transition=\"slide\">\n<div class=\"nc_tweetContainer swp_share_button total_shares total_sharesalt\"><span class=\"swp_count\">10 <span class=\"swp_label\">Partages<\/span><\/span><\/div>\n<\/div>\n<p>La maire du village fran\u00e7ais de Gresle a sign\u00e9 un arr\u00eat\u00e9 interdisant aux habitants de sa commune de d\u00e9c\u00e9der \u00e0 leur domicile les samedis, dimanches et jours f\u00e9ri\u00e9s \u00ab\u00a0pour une dur\u00e9e ind\u00e9termin\u00e9e\u00a0\u00bb. Elle entend, par ce geste, d\u00e9noncer le manque de m\u00e9decins dans sa r\u00e9gion.<\/p>\n<div class=\"code-block code-block-1 c3\"><ins class=\"adsbygoogle c2\" data-ad-layout=\"in-article\" data-ad-format=\"fluid\" data-ad-client=\"ca-pub-2102118777505746\" data-ad-slot=\"7301775417\"\/> <\/div>\n<p>Elle a ajout\u00e9 que pour ceux qui trouvent cet arr\u00eat\u00e9 absurde, c\u2019est qu\u2019il r\u00e9pond \u00e0 l\u2019absurdit\u00e9 de la situation et du syst\u00e8me de sant\u00e9.<\/p>\n<p>En effet, le 1er d\u00e9cembre, elle avait mis deux heures et demie \u00e0 trouver un m\u00e9decin pour signer le constat de d\u00e9c\u00e8s d\u2019un r\u00e9sident de l\u2019\u00e9tablissement local pour personnes \u00e2g\u00e9es. \u00ab\u00a0C\u2019est un manque de respect pour le d\u00e9funt et pour les familles\u00a0\u00bb, a estim\u00e9 la maire.<\/p>\n<p>Elle a ajout\u00e9\u00a0: \u00ab\u00a0Les gens ont du mal \u00e0 se faire soigner, \u00e0 trouver un m\u00e9decin traitant et sont oblig\u00e9s de faire parfois des kilom\u00e8tres. Cons\u00e9quence: ils sont mal rembours\u00e9s, car ils ne sont pas dans un parcours de soins\u00a0\u00bb, d\u00e9taille-t-elle. \u00ab\u00a0Il y a beaucoup d\u2019inqui\u00e9tude \u00e0 ce sujet dans ma commune, la sant\u00e9 est l\u2019enjeu majeur des zones rurales. J\u2019interpelle les politiques depuis des ann\u00e9es \u00e0 ce sujet, mais rien n\u2019\u00e9volue\u00a0\u00bb.<\/p>\n<p><strong>Que se passe-t-il en Tunisie?<\/strong><br \/>Nous expliquons sur notre <a href=\"https:\/\/www.youtube.com\/channel\/UCRzypVq0B_yBad5eGrwBx0Q?sub_confirmation=1\" target=\"_blank\" rel=\"noopener noreferrer\">cha\u00eene YouTube<\/a> . <a href=\"https:\/\/www.youtube.com\/channel\/UCRzypVq0B_yBad5eGrwBx0Q?sub_confirmation=1\" target=\"_blank\" rel=\"noopener noreferrer\">Abonnez-vous!<\/a><\/p>\n<div class=\"mvp-org-wrap mvp-org-logo\" itemprop=\"publisher\" itemscope=\"\" itemtype=\"https:\/\/schema.org\/Organization\"><img decoding=\"async\" src=\"https:\/\/www.tunisienumerique.com\/wp-content\/uploads\/2017\/02\/logo_tunisie_numerique.png\"\/><\/div>\n<div class=\"swp_social_panel swp_horizontal_panel swp_flat_fresh swp_default_full_color swp_individual_full_color swp_other_full_color scale-100 scale-\" data-min-width=\"1100\" data-float-color=\"#ffffff\" data-float=\"none\" data-float-mobile=\"none\" data-transition=\"slide\">\n<div class=\"nc_tweetContainer swp_share_button total_shares total_sharesalt\"><span class=\"swp_count\">10 <span class=\"swp_label\">Partages<\/span><\/span><\/div>\n<\/div>\n<div class=\"mvp-related-posts left relative\">\n<h4 class=\"post-header\"><span class=\"post-header\">Lire aussi<\/span><\/h4>\n<\/div>\n<\/div>\n<p>Auteur: LM<br \/>\n<a href=\"https:\/\/www.tunisienumerique.com\/insolite-en-france-une-maire-interdit-a-ces-administres-de-mourir-les-weekends-et-jours-feries\/\">Cliquez ici pour lire l&rsquo;article depuis sa source.<\/a><\/p>\n","protected":false},"excerpt":{"rendered":"<p>10 Partages La maire du village fran\u00e7ais de Gresle a sign\u00e9 un arr\u00eat\u00e9 interdisant aux habitants de sa commune de d\u00e9c\u00e9der \u00e0 leur domicile les samedis, dimanches et jours f\u00e9ri\u00e9s \u00ab\u00a0pour une dur\u00e9e ind\u00e9termin\u00e9e\u00a0\u00bb. Elle entend, par ce geste, d\u00e9noncer le manque de m\u00e9decins dans sa r\u00e9gion. Elle a ajout\u00e9 que pour ceux qui trouvent [&hellip;]<\/p>\n","protected":false},"author":1789,"featured_media":69668,"comment_status":"closed","ping_status":"closed","sticky":false,"template":"","format":"standard","meta":{"fifu_image_url":"","fifu_image_alt":"","footnotes":""},"categories":[73,55],"tags":[],"class_list":["post-69667","post","type-post","status-publish","format-standard","has-post-thumbnail","hentry","category-actualite","category-tunisie"],"_links":{"self":[{"href":"https:\/\/linitiative.ca\/International\/wp-json\/wp\/v2\/posts\/69667","targetHints":{"allow":["GET"]}}],"collection":[{"href":"https:\/\/linitiative.ca\/International\/wp-json\/wp\/v2\/posts"}],"about":[{"href":"https:\/\/linitiative.ca\/International\/wp-json\/wp\/v2\/types\/post"}],"author":[{"embeddable":true,"href":"https:\/\/linitiative.ca\/International\/wp-json\/wp\/v2\/users\/1789"}],"replies":[{"embeddable":true,"href":"https:\/\/linitiative.ca\/International\/wp-json\/wp\/v2\/comments?post=69667"}],"version-history":[{"count":0,"href":"https:\/\/linitiative.ca\/International\/wp-json\/wp\/v2\/posts\/69667\/revisions"}],"wp:featuredmedia":[{"embeddable":true,"href":"https:\/\/linitiative.ca\/International\/wp-json\/"}],"wp:attachment":[{"href":"https:\/\/linitiative.ca\/International\/wp-json\/wp\/v2\/media?parent=69667"}],"wp:term":[{"taxonomy":"category","embeddable":true,"href":"https:\/\/linitiative.ca\/International\/wp-json\/wp\/v2\/categories?post=69667"},{"taxonomy":"post_tag","embeddable":true,"href":"https:\/\/linitiative.ca\/International\/wp-json\/wp\/v2\/tags?post=69667"}],"curies":[{"name":"wp","href":"https:\/\/api.w.org\/{rel}","templated":true}]}}