{"id":69669,"date":"2019-12-08T15:43:05","date_gmt":"2019-12-08T20:43:05","guid":{"rendered":"https:\/\/linitiative.ca\/International\/tunisie-exclusif-les-noms-des-personnalites-supposees-independantes-proposes-par-9alb-tounes\/"},"modified":"2019-12-08T15:43:05","modified_gmt":"2019-12-08T20:43:05","slug":"tunisie-exclusif-les-noms-des-personnalites-supposees-independantes-proposes-par-9alb-tounes","status":"publish","type":"post","link":"https:\/\/linitiative.ca\/International\/tunisie-exclusif-les-noms-des-personnalites-supposees-independantes-proposes-par-9alb-tounes\/","title":{"rendered":"Tunisie \u2013 EXCLUSIF\u00a0: Les noms des personnalit\u00e9s suppos\u00e9es ind\u00e9pendantes propos\u00e9s par 9alb Tounes"},"content":{"rendered":"<div class=\"post-cont-in left relative\">\n<div class=\"swp_social_panel swp_horizontal_panel swp_flat_fresh swp_default_full_color swp_individual_full_color swp_other_full_color scale-100 scale-\" data-min-width=\"1100\" data-float-color=\"#ffffff\" data-float=\"none\" data-float-mobile=\"none\" data-transition=\"slide\">\n<div class=\"nc_tweetContainer swp_share_button total_shares total_sharesalt\"><span class=\"swp_count\">16 <span class=\"swp_label\">Partages<\/span><\/span><\/div>\n<\/div>\n<p>Autant les pourparlers et les n\u00e9gociations men\u00e9es par Habib Jemli, en vue de former le prochain gouvernement pi\u00e9tinent, autant les\u00a0discussions men\u00e9es en parall\u00e8le, sont tenues entre Ennahdha et 9alb Tounes, n\u2019en d\u00e9plaise \u00e0 Jemli qui insiste pour\u00a0nier ces\u00a0entrevues\u00a0en dehors de Dar Dhiafa, qui sont pourtant en train d\u2019avancer de fa\u00e7on notable.<\/p>\n<div class=\"code-block code-block-1 c3\"><ins class=\"adsbygoogle c2\" data-ad-layout=\"in-article\" data-ad-format=\"fluid\" data-ad-client=\"ca-pub-2102118777505746\" data-ad-slot=\"7301775417\"\/> <\/div>\n<p>En effet, selon les dispositions des accords entre Ennahdha et 9alb Tounes, ce dernier devra proposer des personnalit\u00e9s ne faisant pas partie des leaders et membres affich\u00e9s pour les portefeuilles minist\u00e9riels, histoire d\u2019\u00e9viter\u00a0d\u2019embarrasser la direction d\u2019Ennahdha, devant ses bases qui lui reprocheraient de s\u2019allier \u00e0 9alb Tounes, si longtemps accus\u00e9 de corruption.<\/p>\n<p>Ces\u00a0tractations ont avanc\u00e9,\u00a0car d\u2019apr\u00e8s les indiscr\u00e9tions recueillies par Tunisienumerique, 9alb Tounes a, en effet, propos\u00e9 certains noms dont <strong>Mohamed Fadhel Abdelkafi<\/strong>, <strong>Radhouene Ayara<\/strong> qui a acquis la r\u00e9putation de manger \u00e0 toutes les tables et les deux gouverneurs, r\u00e9cemment limog\u00e9s par Youssef Chahed et r\u00e9cup\u00e9r\u00e9s au pied lev\u00e9 par Nabil Karoui, <strong>Adel Khabthani<\/strong>\u00a0ex gouverneur de Sfax et <strong>Mnaouar Ouertani<\/strong> qui \u00e9tait en poste au Kef.<\/p>\n<p><strong>Que se passe-t-il en Tunisie?<\/strong><br \/>Nous expliquons sur notre <a href=\"https:\/\/www.youtube.com\/channel\/UCRzypVq0B_yBad5eGrwBx0Q?sub_confirmation=1\" target=\"_blank\" rel=\"noopener noreferrer\">cha\u00eene YouTube<\/a> . <a href=\"https:\/\/www.youtube.com\/channel\/UCRzypVq0B_yBad5eGrwBx0Q?sub_confirmation=1\" target=\"_blank\" rel=\"noopener noreferrer\">Abonnez-vous!<\/a><\/p>\n<div class=\"mvp-org-wrap mvp-org-logo\" itemprop=\"publisher\" itemscope=\"\" itemtype=\"https:\/\/schema.org\/Organization\"><img decoding=\"async\" src=\"https:\/\/www.tunisienumerique.com\/wp-content\/uploads\/2017\/02\/logo_tunisie_numerique.png\"\/><\/div>\n<div class=\"swp_social_panel swp_horizontal_panel swp_flat_fresh swp_default_full_color swp_individual_full_color swp_other_full_color scale-100 scale-\" data-min-width=\"1100\" data-float-color=\"#ffffff\" data-float=\"none\" data-float-mobile=\"none\" data-transition=\"slide\">\n<div class=\"nc_tweetContainer swp_share_button total_shares total_sharesalt\"><span class=\"swp_count\">16 <span class=\"swp_label\">Partages<\/span><\/span><\/div>\n<\/div>\n<div class=\"mvp-related-posts left relative\">\n<h4 class=\"post-header\"><span class=\"post-header\">Lire aussi<\/span><\/h4>\n<\/div>\n<\/div>\n<p>Auteur: Saber .<br \/>\n<a href=\"https:\/\/www.tunisienumerique.com\/tunisie-exclusif-les-noms-des-personnalites-supposees-independantes-proposes-par-9alb-tounes\/\">Cliquez ici pour lire l&rsquo;article depuis sa source.<\/a><\/p>\n","protected":false},"excerpt":{"rendered":"<p>16 Partages Autant les pourparlers et les n\u00e9gociations men\u00e9es par Habib Jemli, en vue de former le prochain gouvernement pi\u00e9tinent, autant les\u00a0discussions men\u00e9es en parall\u00e8le, sont tenues entre Ennahdha et 9alb Tounes, n\u2019en d\u00e9plaise \u00e0 Jemli qui insiste pour\u00a0nier ces\u00a0entrevues\u00a0en dehors de Dar Dhiafa, qui sont pourtant en train d\u2019avancer de fa\u00e7on notable. En effet, [&hellip;]<\/p>\n","protected":false},"author":1789,"featured_media":69670,"comment_status":"closed","ping_status":"closed","sticky":false,"template":"","format":"standard","meta":{"fifu_image_url":"","fifu_image_alt":"","footnotes":""},"categories":[73,55],"tags":[],"class_list":["post-69669","post","type-post","status-publish","format-standard","has-post-thumbnail","hentry","category-actualite","category-tunisie"],"_links":{"self":[{"href":"https:\/\/linitiative.ca\/International\/wp-json\/wp\/v2\/posts\/69669","targetHints":{"allow":["GET"]}}],"collection":[{"href":"https:\/\/linitiative.ca\/International\/wp-json\/wp\/v2\/posts"}],"about":[{"href":"https:\/\/linitiative.ca\/International\/wp-json\/wp\/v2\/types\/post"}],"author":[{"embeddable":true,"href":"https:\/\/linitiative.ca\/International\/wp-json\/wp\/v2\/users\/1789"}],"replies":[{"embeddable":true,"href":"https:\/\/linitiative.ca\/International\/wp-json\/wp\/v2\/comments?post=69669"}],"version-history":[{"count":0,"href":"https:\/\/linitiative.ca\/International\/wp-json\/wp\/v2\/posts\/69669\/revisions"}],"wp:featuredmedia":[{"embeddable":true,"href":"https:\/\/linitiative.ca\/International\/wp-json\/"}],"wp:attachment":[{"href":"https:\/\/linitiative.ca\/International\/wp-json\/wp\/v2\/media?parent=69669"}],"wp:term":[{"taxonomy":"category","embeddable":true,"href":"https:\/\/linitiative.ca\/International\/wp-json\/wp\/v2\/categories?post=69669"},{"taxonomy":"post_tag","embeddable":true,"href":"https:\/\/linitiative.ca\/International\/wp-json\/wp\/v2\/tags?post=69669"}],"curies":[{"name":"wp","href":"https:\/\/api.w.org\/{rel}","templated":true}]}}