{"id":69671,"date":"2019-12-08T16:04:32","date_gmt":"2019-12-08T21:04:32","guid":{"rendered":"https:\/\/linitiative.ca\/International\/tunisie-kais-saied-refuse-daccorder-des-passeports-diplomatiques-aux-deputes\/"},"modified":"2019-12-08T16:04:32","modified_gmt":"2019-12-08T21:04:32","slug":"tunisie-kais-saied-refuse-daccorder-des-passeports-diplomatiques-aux-deputes","status":"publish","type":"post","link":"https:\/\/linitiative.ca\/International\/tunisie-kais-saied-refuse-daccorder-des-passeports-diplomatiques-aux-deputes\/","title":{"rendered":"Tunisie \u2013 Ka\u00efs Sa\u00efed refuse d\u2019accorder des passeports diplomatiques aux d\u00e9put\u00e9s"},"content":{"rendered":"<div class=\"post-cont-in left relative\">\n<div class=\"swp_social_panel swp_horizontal_panel swp_flat_fresh swp_default_full_color swp_individual_full_color swp_other_full_color scale-100 scale-\" data-min-width=\"1100\" data-float-color=\"#ffffff\" data-float=\"none\" data-float-mobile=\"none\" data-transition=\"slide\">\n<div class=\"nc_tweetContainer swp_share_button total_shares total_sharesalt\"><span class=\"swp_count\">680 <span class=\"swp_label\">Partages<\/span><\/span><\/div>\n<\/div>\n<p>Le premier courrier officiel issu de la pr\u00e9sidence de l\u2019ARP, apr\u00e8s la prise de fonction des d\u00e9put\u00e9s nouvellement \u00e9lus, a \u00e9t\u00e9 une demande adress\u00e9e au pr\u00e9sident de la R\u00e9publique, Ka\u00efs Sa\u00efed, pour qu\u2019il autorise le ministre des Affaires Etrang\u00e8res \u00e0 d\u00e9livrer des passeports diplomatiques \u00e0 tous les d\u00e9put\u00e9s, comme\u00a0c\u2019est le cas depuis longtemps.<\/p>\n<div class=\"code-block code-block-1 c3\"><ins class=\"adsbygoogle c2\" data-ad-layout=\"in-article\" data-ad-format=\"fluid\" data-ad-client=\"ca-pub-2102118777505746\" data-ad-slot=\"7301775417\"\/> <\/div>\n<p>Cette fois-ci, Ka\u00efs Sa\u00efed a refus\u00e9 de r\u00e9pondre \u00e0 cette requ\u00eate, assurant que cette habitude de doter les d\u00e9put\u00e9s de passeports diplomatique n\u2019a aucun support l\u00e9gal et n\u2019est r\u00e9gie par aucun texte de loi.<\/p>\n<p>Par cons\u00e9quent, il n\u2019a pas donn\u00e9 une suite favorable \u00e0 cette demande.<\/p>\n<p><img loading=\"lazy\" decoding=\"async\" class=\"aligncenter size-full wp-image-480394\" src=\"https:\/\/www.tunisienumerique.com\/wp-content\/uploads\/2019\/12\/kais-post.jpg\" alt=\"\" width=\"452\" height=\"493\"\/><\/p>\n<p><strong>Que se passe-t-il en Tunisie?<\/strong><br \/>Nous expliquons sur notre <a href=\"https:\/\/www.youtube.com\/channel\/UCRzypVq0B_yBad5eGrwBx0Q?sub_confirmation=1\" target=\"_blank\" rel=\"noopener noreferrer\">cha\u00eene YouTube<\/a> . <a href=\"https:\/\/www.youtube.com\/channel\/UCRzypVq0B_yBad5eGrwBx0Q?sub_confirmation=1\" target=\"_blank\" rel=\"noopener noreferrer\">Abonnez-vous!<\/a><\/p>\n<div class=\"mvp-org-wrap mvp-org-logo\" itemprop=\"publisher\" itemscope=\"\" itemtype=\"https:\/\/schema.org\/Organization\"><img decoding=\"async\" src=\"https:\/\/www.tunisienumerique.com\/wp-content\/uploads\/2017\/02\/logo_tunisie_numerique.png\"\/><\/div>\n<div class=\"swp_social_panel swp_horizontal_panel swp_flat_fresh swp_default_full_color swp_individual_full_color swp_other_full_color scale-100 scale-\" data-min-width=\"1100\" data-float-color=\"#ffffff\" data-float=\"none\" data-float-mobile=\"none\" data-transition=\"slide\">\n<div class=\"nc_tweetContainer swp_share_button total_shares total_sharesalt\"><span class=\"swp_count\">680 <span class=\"swp_label\">Partages<\/span><\/span><\/div>\n<\/div>\n<div class=\"mvp-related-posts left relative\">\n<h4 class=\"post-header\"><span class=\"post-header\">Lire aussi<\/span><\/h4>\n<\/div>\n<\/div>\n<p>Auteur: LM<br \/>\n<a href=\"https:\/\/www.tunisienumerique.com\/tunisie-kais-saied-refuse-daccorder-des-passeports-diplomatiques-aux-deputes\/\">Cliquez ici pour lire l&rsquo;article depuis sa source.<\/a><\/p>\n","protected":false},"excerpt":{"rendered":"<p>680 Partages Le premier courrier officiel issu de la pr\u00e9sidence de l\u2019ARP, apr\u00e8s la prise de fonction des d\u00e9put\u00e9s nouvellement \u00e9lus, a \u00e9t\u00e9 une demande adress\u00e9e au pr\u00e9sident de la R\u00e9publique, Ka\u00efs Sa\u00efed, pour qu\u2019il autorise le ministre des Affaires Etrang\u00e8res \u00e0 d\u00e9livrer des passeports diplomatiques \u00e0 tous les d\u00e9put\u00e9s, comme\u00a0c\u2019est le cas depuis longtemps. [&hellip;]<\/p>\n","protected":false},"author":1789,"featured_media":69672,"comment_status":"closed","ping_status":"closed","sticky":false,"template":"","format":"standard","meta":{"fifu_image_url":"","fifu_image_alt":"","footnotes":""},"categories":[73,55],"tags":[],"class_list":["post-69671","post","type-post","status-publish","format-standard","has-post-thumbnail","hentry","category-actualite","category-tunisie"],"_links":{"self":[{"href":"https:\/\/linitiative.ca\/International\/wp-json\/wp\/v2\/posts\/69671","targetHints":{"allow":["GET"]}}],"collection":[{"href":"https:\/\/linitiative.ca\/International\/wp-json\/wp\/v2\/posts"}],"about":[{"href":"https:\/\/linitiative.ca\/International\/wp-json\/wp\/v2\/types\/post"}],"author":[{"embeddable":true,"href":"https:\/\/linitiative.ca\/International\/wp-json\/wp\/v2\/users\/1789"}],"replies":[{"embeddable":true,"href":"https:\/\/linitiative.ca\/International\/wp-json\/wp\/v2\/comments?post=69671"}],"version-history":[{"count":0,"href":"https:\/\/linitiative.ca\/International\/wp-json\/wp\/v2\/posts\/69671\/revisions"}],"wp:featuredmedia":[{"embeddable":true,"href":"https:\/\/linitiative.ca\/International\/wp-json\/"}],"wp:attachment":[{"href":"https:\/\/linitiative.ca\/International\/wp-json\/wp\/v2\/media?parent=69671"}],"wp:term":[{"taxonomy":"category","embeddable":true,"href":"https:\/\/linitiative.ca\/International\/wp-json\/wp\/v2\/categories?post=69671"},{"taxonomy":"post_tag","embeddable":true,"href":"https:\/\/linitiative.ca\/International\/wp-json\/wp\/v2\/tags?post=69671"}],"curies":[{"name":"wp","href":"https:\/\/api.w.org\/{rel}","templated":true}]}}