{"id":69673,"date":"2019-12-08T16:52:56","date_gmt":"2019-12-08T21:52:56","guid":{"rendered":"https:\/\/linitiative.ca\/International\/tunisie-rached-ghannouchi-refuse-dassumer-ses-responsabilites-de-president-de-larp\/"},"modified":"2019-12-08T16:52:56","modified_gmt":"2019-12-08T21:52:56","slug":"tunisie-rached-ghannouchi-refuse-dassumer-ses-responsabilites-de-president-de-larp","status":"publish","type":"post","link":"https:\/\/linitiative.ca\/International\/tunisie-rached-ghannouchi-refuse-dassumer-ses-responsabilites-de-president-de-larp\/","title":{"rendered":"Tunisie \u2013 Rached Ghannouchi refuse d\u2019assumer ses responsabilit\u00e9s de pr\u00e9sident de l\u2019ARP"},"content":{"rendered":"<div class=\"post-cont-in left relative\">\n<div class=\"swp_social_panel swp_horizontal_panel swp_flat_fresh swp_default_full_color swp_individual_full_color swp_other_full_color scale-100 scale-\" data-min-width=\"1100\" data-float-color=\"#ffffff\" data-float=\"none\" data-float-mobile=\"none\" data-transition=\"slide\">\n<div class=\"nc_tweetContainer swp_share_button total_shares total_sharesalt\"><span class=\"swp_count\">16 <span class=\"swp_label\">Partages<\/span><\/span><\/div>\n<\/div>\n<p>Le Cheikh Rached Ghannouchi qui a remu\u00e9 ciel et terre, il y a quelques jours, pour pouvoir b\u00e9n\u00e9ficier du si\u00e8ge de la pr\u00e9sidence de l\u2019ARP, ne semble plus avoir le courage qu\u2019il faut, pour assumer les responsabilit\u00e9s inh\u00e9rentes au poste.<\/p>\n<div class=\"code-block code-block-1 c3\"><ins class=\"adsbygoogle c2\" data-ad-layout=\"in-article\" data-ad-format=\"fluid\" data-ad-client=\"ca-pub-2102118777505746\" data-ad-slot=\"7301775417\"\/> <\/div>\n<p>En effet, il a disparu de l\u2019h\u00e9micycle, depuis la s\u00e9ance inaugurale au cours de laquelle il a \u00e9t\u00e9 \u00e9lu \u00e0 la pr\u00e9sidence du parlement. Depuis, il se cantonne dans ses quartiers, et re\u00e7oit des d\u00e9put\u00e9s et des personnalit\u00e9s tri\u00e9s sur le volet, comme s\u2019il avait la hantise d\u2019affronter l\u2019assembl\u00e9e, ou d\u2019avoir \u00e0 g\u00e9rer les d\u00e9bats sous le d\u00f4me du Bardo, qui s\u2019annoncent houleux, et il sait tr\u00e8s bien qu\u2019il ne ferait qu\u2019envenimer encore plus l\u2019atmosph\u00e8re avec sa pr\u00e9sence sur la tribune de la pr\u00e9sidence.<\/p>\n<p>Encore une fois et pour la \u00e9ni\u00e8me fois, et qui ne sera, certainement, pas la derni\u00e8re, les leaders d\u2019Ennahdha ont d\u00e9montr\u00e9 leur peur de gouverner ouvertement et d\u2019affronter leurs responsabilit\u00e9s. Et ils continuent \u00e0 op\u00e9rer avec leur mani\u00e8re d\u00e9sormais traditionnelle, de gouverner tout en se cachant derri\u00e8re quelqu\u2019un d\u2019autre \u00e0 qui ils feraient endosser la responsabilit\u00e9 de leur \u00e9chec, et cacheraient, ainsi, leur incomp\u00e9tence.<\/p>\n<p>Mais, de toutes les mani\u00e8res, le Cheikh doit regretter \u00e9norm\u00e9ment son choix de pr\u00e9sider l\u2019ARP, car il croyait que \u00e7\u00e0 allait \u00eatre une balade de sant\u00e9, pour lui de s\u2019assoir sur le tr\u00f4ne de ce qu\u2019il\u00a0 consid\u00e8re comme le si\u00e8ge de l\u2019autorit\u00e9 supr\u00eame dans le pays. Il ne savait pas qu\u2019il s\u2019assoyait, plut\u00f4t, sur une termiti\u00e8re ou un nid de vip\u00e8res. S\u2019\u00e9tant rendu compte de la gravit\u00e9 de la situation, il a choisi de s\u2019\u00e9clipser.<\/p>\n<p>Mais jusqu\u2019\u00e0 quand pourra-t-il se terrer de la sorte, sachant que sa vice pr\u00e9sidente a, elle aussi, fait preuve de son incapacit\u00e9 \u00e0 g\u00e9rer les troupes en furie qui s\u2019affrontent dans l\u2019ar\u00e8ne de l\u2019ARP.<\/p>\n<p><strong>Que se passe-t-il en Tunisie?<\/strong><br \/>Nous expliquons sur notre <a href=\"https:\/\/www.youtube.com\/channel\/UCRzypVq0B_yBad5eGrwBx0Q?sub_confirmation=1\" target=\"_blank\" rel=\"noopener noreferrer\">cha\u00eene YouTube<\/a> . <a href=\"https:\/\/www.youtube.com\/channel\/UCRzypVq0B_yBad5eGrwBx0Q?sub_confirmation=1\" target=\"_blank\" rel=\"noopener noreferrer\">Abonnez-vous!<\/a><\/p>\n<div class=\"mvp-org-wrap mvp-org-logo\" itemprop=\"publisher\" itemscope=\"\" itemtype=\"https:\/\/schema.org\/Organization\"><img decoding=\"async\" src=\"https:\/\/www.tunisienumerique.com\/wp-content\/uploads\/2017\/02\/logo_tunisie_numerique.png\"\/><\/div>\n<div class=\"swp_social_panel swp_horizontal_panel swp_flat_fresh swp_default_full_color swp_individual_full_color swp_other_full_color scale-100 scale-\" data-min-width=\"1100\" data-float-color=\"#ffffff\" data-float=\"none\" data-float-mobile=\"none\" data-transition=\"slide\">\n<div class=\"nc_tweetContainer swp_share_button total_shares total_sharesalt\"><span class=\"swp_count\">16 <span class=\"swp_label\">Partages<\/span><\/span><\/div>\n<\/div>\n<div class=\"mvp-related-posts left relative\">\n<h4 class=\"post-header\"><span class=\"post-header\">Lire aussi<\/span><\/h4>\n<\/div>\n<\/div>\n<p>Auteur: LM<br \/>\n<a href=\"https:\/\/www.tunisienumerique.com\/tunisie-rached-ghannouchi-refuse-dassumer-ses-responsabilites-de-president-de-larp\/\">Cliquez ici pour lire l&rsquo;article depuis sa source.<\/a><\/p>\n","protected":false},"excerpt":{"rendered":"<p>16 Partages Le Cheikh Rached Ghannouchi qui a remu\u00e9 ciel et terre, il y a quelques jours, pour pouvoir b\u00e9n\u00e9ficier du si\u00e8ge de la pr\u00e9sidence de l\u2019ARP, ne semble plus avoir le courage qu\u2019il faut, pour assumer les responsabilit\u00e9s inh\u00e9rentes au poste. En effet, il a disparu de l\u2019h\u00e9micycle, depuis la s\u00e9ance inaugurale au cours [&hellip;]<\/p>\n","protected":false},"author":1789,"featured_media":69674,"comment_status":"closed","ping_status":"closed","sticky":false,"template":"","format":"standard","meta":{"fifu_image_url":"","fifu_image_alt":"","footnotes":""},"categories":[73,55],"tags":[],"class_list":["post-69673","post","type-post","status-publish","format-standard","has-post-thumbnail","hentry","category-actualite","category-tunisie"],"_links":{"self":[{"href":"https:\/\/linitiative.ca\/International\/wp-json\/wp\/v2\/posts\/69673","targetHints":{"allow":["GET"]}}],"collection":[{"href":"https:\/\/linitiative.ca\/International\/wp-json\/wp\/v2\/posts"}],"about":[{"href":"https:\/\/linitiative.ca\/International\/wp-json\/wp\/v2\/types\/post"}],"author":[{"embeddable":true,"href":"https:\/\/linitiative.ca\/International\/wp-json\/wp\/v2\/users\/1789"}],"replies":[{"embeddable":true,"href":"https:\/\/linitiative.ca\/International\/wp-json\/wp\/v2\/comments?post=69673"}],"version-history":[{"count":0,"href":"https:\/\/linitiative.ca\/International\/wp-json\/wp\/v2\/posts\/69673\/revisions"}],"wp:featuredmedia":[{"embeddable":true,"href":"https:\/\/linitiative.ca\/International\/wp-json\/"}],"wp:attachment":[{"href":"https:\/\/linitiative.ca\/International\/wp-json\/wp\/v2\/media?parent=69673"}],"wp:term":[{"taxonomy":"category","embeddable":true,"href":"https:\/\/linitiative.ca\/International\/wp-json\/wp\/v2\/categories?post=69673"},{"taxonomy":"post_tag","embeddable":true,"href":"https:\/\/linitiative.ca\/International\/wp-json\/wp\/v2\/tags?post=69673"}],"curies":[{"name":"wp","href":"https:\/\/api.w.org\/{rel}","templated":true}]}}