{"id":69675,"date":"2019-12-08T17:08:31","date_gmt":"2019-12-08T22:08:31","guid":{"rendered":"https:\/\/linitiative.ca\/International\/foire-de-lindependance-deliez-vos-bourses\/"},"modified":"2019-12-08T17:08:31","modified_gmt":"2019-12-08T22:08:31","slug":"foire-de-lindependance-deliez-vos-bourses","status":"publish","type":"post","link":"https:\/\/linitiative.ca\/International\/foire-de-lindependance-deliez-vos-bourses\/","title":{"rendered":"Foire de l\u2019ind\u00e9pendance D\u00e9liez vos bourses\u00a0!"},"content":{"rendered":"<div class=\"td-post-featured-image\"><a href=\"https:\/\/i0.wp.com\/www.sidwaya.info\/wp-content\/uploads\/2019\/12\/prsidan09.gif?fit=623%2C416&#038;ssl=1\" data-caption=\"\"><img loading=\"lazy\" decoding=\"async\" width=\"623\" height=\"416\" class=\"entry-thumb td-modal-image\" src=\"https:\/\/i0.wp.com\/www.sidwaya.info\/wp-content\/uploads\/2019\/12\/prsidan09.gif?resize=623%2C416&#038;ssl=1\" alt=\"\" title=\"prsidan09\"\/><\/a><\/div>\n<p><strong>Le pr\u00e9sident de l\u2019Assembl\u00e9e nationale, Bala Sakand\u00e9, a officiellement ouvert les portes de la foire de l\u2019ind\u00e9pendance dans l\u2019apr\u00e8s-midi du samedi 7 d\u00e9cembre 2019 \u00e0 Tenkodogo.<\/strong><\/p>\n<p>Comme il est de coutume depuis 2008, une foire d\u00e9nomm\u00e9e\u00a0: \u00ab\u00a0foire de l\u2019ind\u00e9pendance\u00a0\u00bb est organis\u00e9e \u00e0 l\u2019occasion des festivit\u00e9s du 11- D\u00e9cembre, date d\u2019accession du Burkina Faso \u00e0 la souverainet\u00e9 nationale. Et Tenkodogo, qui accueille la c\u00e9l\u00e9bration de cette ann\u00e9e, n\u2019a pas d\u00e9rog\u00e9 \u00e0 la r\u00e8gle. Elle a officiellement \u00e9t\u00e9 ouverte dans l\u2019apr\u00e8s-midi du samedi 7 d\u00e9cembre 2019 par le Pr\u00e9sident de l\u2019Assembl\u00e9e nationale (PAN), Alassane Sakand\u00e9. Apr\u00e8s la coupure symbolique du ruban, le PAN a visit\u00e9 les stands d\u2019exposition. Il s\u2019est dit \u00e9merveill\u00e9 par la qualit\u00e9 des produits expos\u00e9s. Il a d\u2019ailleurs f\u00e9licit\u00e9 les producteurs qui se donnent corps et \u00e2me pour offrir aux consommateurs des produits de qualit\u00e9. Il les a, par ailleurs, encourag\u00e9s \u00e0 pers\u00e9v\u00e9rer dans la recherche de la qualit\u00e9 afin de produire des produits vendables \u00e0 l\u2019ext\u00e9rieur. Toute chose qui va permettre, foi de M. Sakand\u00e9, de renverser la balance commerciale du Burkina Faso qui, pour l\u2019heure, est d\u00e9ficitaire. En outre, il les a exhort\u00e9s \u00e0 miser sur la finition de leurs produits dont l\u2019emballage pour la plupart pose probl\u00e8me. \u00ab\u00a0En ce qui concerne nos produits locaux, la qualit\u00e9 y est. Mais, c\u2019est souvent l\u2019emballage qui pose probl\u00e8me. Il va donc falloir que nos producteurs travaillent cet aspect afin de proposer des produits qui peuvent concurrencer ceux de l\u2019ext\u00e9rieur\u00a0\u00bb, a-t-il d\u00e9clar\u00e9. Il a, par , invit\u00e9 la population \u00e0 participer massivement \u00e0 la rue marchande. Car, c\u2019est en cela qu\u2019ils pourront soutenir et encourager les producteurs burkinab\u00e8 \u00e0 exceller. Aux exposants, le PAN a demand\u00e9 de ne pas se d\u00e9courager s\u2019ils n\u2019arrivent pas \u00e0 faire beaucoup de recettes \u00e0 la foire. \u00ab\u00a0Le premier objectif de votre participation \u00e0 la foire n\u2019est pas de vendre, mais de vous faire conna\u00eetre et d\u2019avoir des cartes de visites\u00a0\u00bb, leur a-t-il dit avant d\u2019adresser ses f\u00e9licitations au comit\u00e9 d\u2019organisation qui, selon lui, a fait un bon travail. \u00ab\u00a0Je suis fier de pr\u00e9sider l\u2019ouverture d\u2019une telle foire qui constitue une aubaine pour les producteurs locaux afin de montrer leur savoir-faire. Cela fait des ann\u00e9es que je participe \u00e0 la foire de l\u2019ind\u00e9pendance. Je suis satisfait\u00a0\u00bb, a-t-il d\u00e9clar\u00e9. Il a fait une mention sp\u00e9ciale \u00e0 la promotrice de la foire Mariam Doumbia et au gouverneur de la r\u00e9gion du Centre-Est, Antoine Ou\u00e9draogo qui n\u2019ont m\u00e9nag\u00e9 aucun effort pour la r\u00e9ussite de l\u2019activit\u00e9.<\/p>\n<p>Nad\u00e8ge YAMEOGO<\/p>\n<div class=\"td-a-rec td-a-rec-id-content_bottom tdi_30_ece td_block_template_1\"><img loading=\"lazy\" decoding=\"async\" class=\"aligncenter size-full wp-image-9623\" src=\"https:\/\/www.sidwaya.info\/wp-content\/uploads\/2019\/06\/Projet-bannie%CC%80re-Orange-mobile.jpg\" alt=\"\" width=\"728\" height=\"81\"\/><\/div>\n<p>Auteur: BM. Sidwaya<br \/>\n<a href=\"https:\/\/www.sidwaya.info\/blog\/2019\/12\/08\/foire-de-lindependance-deliez-vos-bourses\/\">Cliquez ici pour lire l&rsquo;article depuis sa source.<\/a><\/p>\n","protected":false},"excerpt":{"rendered":"<p>Le pr\u00e9sident de l\u2019Assembl\u00e9e nationale, Bala Sakand\u00e9, a officiellement ouvert les portes de la foire de l\u2019ind\u00e9pendance dans l\u2019apr\u00e8s-midi du samedi 7 d\u00e9cembre 2019 \u00e0 Tenkodogo. Comme il est de coutume depuis 2008, une foire d\u00e9nomm\u00e9e\u00a0: \u00ab\u00a0foire de l\u2019ind\u00e9pendance\u00a0\u00bb est organis\u00e9e \u00e0 l\u2019occasion des festivit\u00e9s du 11- D\u00e9cembre, date d\u2019accession du Burkina Faso \u00e0 la [&hellip;]<\/p>\n","protected":false},"author":1816,"featured_media":0,"comment_status":"closed","ping_status":"closed","sticky":false,"template":"","format":"standard","meta":{"fifu_image_url":"","fifu_image_alt":"","footnotes":""},"categories":[73,81],"tags":[],"class_list":["post-69675","post","type-post","status-publish","format-standard","hentry","category-actualite","category-burkina-faso"],"_links":{"self":[{"href":"https:\/\/linitiative.ca\/International\/wp-json\/wp\/v2\/posts\/69675","targetHints":{"allow":["GET"]}}],"collection":[{"href":"https:\/\/linitiative.ca\/International\/wp-json\/wp\/v2\/posts"}],"about":[{"href":"https:\/\/linitiative.ca\/International\/wp-json\/wp\/v2\/types\/post"}],"author":[{"embeddable":true,"href":"https:\/\/linitiative.ca\/International\/wp-json\/wp\/v2\/users\/1816"}],"replies":[{"embeddable":true,"href":"https:\/\/linitiative.ca\/International\/wp-json\/wp\/v2\/comments?post=69675"}],"version-history":[{"count":0,"href":"https:\/\/linitiative.ca\/International\/wp-json\/wp\/v2\/posts\/69675\/revisions"}],"wp:attachment":[{"href":"https:\/\/linitiative.ca\/International\/wp-json\/wp\/v2\/media?parent=69675"}],"wp:term":[{"taxonomy":"category","embeddable":true,"href":"https:\/\/linitiative.ca\/International\/wp-json\/wp\/v2\/categories?post=69675"},{"taxonomy":"post_tag","embeddable":true,"href":"https:\/\/linitiative.ca\/International\/wp-json\/wp\/v2\/tags?post=69675"}],"curies":[{"name":"wp","href":"https:\/\/api.w.org\/{rel}","templated":true}]}}