{"id":69676,"date":"2019-12-08T17:11:34","date_gmt":"2019-12-08T22:11:34","guid":{"rendered":"https:\/\/linitiative.ca\/International\/employabilite-des-jeunes-la-solution-de-la-cntb\/"},"modified":"2019-12-08T17:11:34","modified_gmt":"2019-12-08T22:11:34","slug":"employabilite-des-jeunes-la-solution-de-la-cntb","status":"publish","type":"post","link":"https:\/\/linitiative.ca\/International\/employabilite-des-jeunes-la-solution-de-la-cntb\/","title":{"rendered":"Employabilit\u00e9 des jeunes: la solution de la CNTB"},"content":{"rendered":"<div class=\"td-post-featured-image\"><a href=\"https:\/\/i1.wp.com\/www.sidwaya.info\/wp-content\/uploads\/2019\/12\/syndict.gif?fit=728%2C364&#038;ssl=1\" data-caption=\"\"><img loading=\"lazy\" decoding=\"async\" width=\"696\" height=\"348\" class=\"entry-thumb td-modal-image\" src=\"https:\/\/i1.wp.com\/www.sidwaya.info\/wp-content\/uploads\/2019\/12\/syndict.gif?resize=696%2C348&#038;ssl=1\" alt=\"\" title=\"syndict\"\/><\/a><\/div>\n<p><strong>Le Comit\u00e9 national des jeunes de la Conf\u00e9d\u00e9ration nationale des travailleurs du Burkina (CNTB), a organis\u00e9, les 29 et 30 novembre 2019 \u00e0 la Bourse du travail \u00e0 Ouagadougou, la troisi\u00e8me \u00e9dition du forum sur le march\u00e9 de l\u2019emploi.<\/strong><\/p>\n<p>\u00abDonner des pistes aux jeunes en qu\u00eate d\u2019emploi \u00bb, est l\u2019objectif qui a guid\u00e9 le Comit\u00e9 national des jeunes de la Conf\u00e9d\u00e9ration nationale des travailleurs du Burkina (CNTB) a organis\u00e9, les 29 et 30 novembre 2019 \u00e0 la Bourse du travail \u00e0 Ouagadougou, le forum sur le march\u00e9 de l\u2019emploi. Troisi\u00e8me du genre, l\u2019activit\u00e9 a \u00e9t\u00e9 plac\u00e9e cette ann\u00e9e sous le th\u00e8me\u00a0: \u00ab Quelles strat\u00e9gies pour l\u2019employabilit\u00e9 des jeunes dans un contexte d\u2019ins\u00e9curit\u00e9 \u00bb. Elle a permis \u00e0 des structures telles que le FAIJ, l\u2019ONEF, le FASI et bien d\u2019autres, d\u2019ouvrir leurs portes \u00e0 des jeunes scolaires et universitaires afin de leur donner des conseils et de les guider dans leur qu\u00eate d\u2019emploi. Le forum, selon Boukary Niamba du Comit\u00e9 des jeunes de la CNTB a \u00e9t\u00e9 un cadre pour permettre aux jeunes d\u2019\u00eatre directement en contact avec ces structures dans la perspective d\u2019obtenir un emploi. Il a ajout\u00e9 que leur structure travaille \u00e0 am\u00e9liorer le contenu du forum \u00e0 chaque \u00e9dition. \u00ab Dans l\u2019ensemble, nous sommes satisfaits dans la mesure o\u00f9, nous avons eu un bon retour de la part des participants \u00bb, s\u2019est r\u00e9joui M. Niamba. Il a avou\u00e9 qu\u2019apr\u00e8s les deux pr\u00e9c\u00e9dentes \u00e9ditions, des jeunes ont t\u00e9moign\u00e9 sur l\u2019int\u00e9r\u00eat d\u2019une telle initiative qui a permis \u00e0 certains d\u2019obtenir de l\u2019emploi et \u00e0 d\u2019autres d\u2019avoir des financements pour mettre en \u0153uvre leurs projets. \u00ab Le Burkina Faso traverse une p\u00e9riode tr\u00e8s difficile pour des raisons d\u2019ins\u00e9curit\u00e9 et nous constatons que des soci\u00e9t\u00e9s se ferment, des ONG quittent le pays \u00bb, a not\u00e9 le secr\u00e9taire g\u00e9n\u00e9ral adjoint de la section provinciale de la CNTB, Boukary Ouangraoua. Pour lui, le th\u00e8me de cette 3e \u00e9dition cadre avec le contexte national avec une population burkinab\u00e8 compos\u00e9e en\u00a0majorit\u00e9 de jeunes sans emploi. Il \u00e9tait donc important selon M. Ouangraoua, que ce forum montre la voie \u00e0 cette jeunesse en leur offrant une opportunit\u00e9 de s\u2019offrir des pistes dans la recherche de l\u2019emploi.<\/p>\n<p>Yves OUEDRAOGO<\/p>\n<div class=\"td-a-rec td-a-rec-id-content_bottom tdi_30_8da td_block_template_1\"><img loading=\"lazy\" decoding=\"async\" class=\"aligncenter size-full wp-image-9623\" src=\"https:\/\/www.sidwaya.info\/wp-content\/uploads\/2019\/06\/Projet-bannie%CC%80re-Orange-mobile.jpg\" alt=\"\" width=\"728\" height=\"81\"\/><\/div>\n<p>Auteur: BM. Sidwaya<br \/>\n<a href=\"https:\/\/www.sidwaya.info\/blog\/2019\/12\/08\/employabilite-des-jeunes-la-solution-de-la-cntb\/\">Cliquez ici pour lire l&rsquo;article depuis sa source.<\/a><\/p>\n","protected":false},"excerpt":{"rendered":"<p>Le Comit\u00e9 national des jeunes de la Conf\u00e9d\u00e9ration nationale des travailleurs du Burkina (CNTB), a organis\u00e9, les 29 et 30 novembre 2019 \u00e0 la Bourse du travail \u00e0 Ouagadougou, la troisi\u00e8me \u00e9dition du forum sur le march\u00e9 de l\u2019emploi. \u00abDonner des pistes aux jeunes en qu\u00eate d\u2019emploi \u00bb, est l\u2019objectif qui a guid\u00e9 le Comit\u00e9 [&hellip;]<\/p>\n","protected":false},"author":1816,"featured_media":0,"comment_status":"closed","ping_status":"closed","sticky":false,"template":"","format":"standard","meta":{"fifu_image_url":"","fifu_image_alt":"","footnotes":""},"categories":[73,81],"tags":[],"class_list":["post-69676","post","type-post","status-publish","format-standard","hentry","category-actualite","category-burkina-faso"],"_links":{"self":[{"href":"https:\/\/linitiative.ca\/International\/wp-json\/wp\/v2\/posts\/69676","targetHints":{"allow":["GET"]}}],"collection":[{"href":"https:\/\/linitiative.ca\/International\/wp-json\/wp\/v2\/posts"}],"about":[{"href":"https:\/\/linitiative.ca\/International\/wp-json\/wp\/v2\/types\/post"}],"author":[{"embeddable":true,"href":"https:\/\/linitiative.ca\/International\/wp-json\/wp\/v2\/users\/1816"}],"replies":[{"embeddable":true,"href":"https:\/\/linitiative.ca\/International\/wp-json\/wp\/v2\/comments?post=69676"}],"version-history":[{"count":0,"href":"https:\/\/linitiative.ca\/International\/wp-json\/wp\/v2\/posts\/69676\/revisions"}],"wp:attachment":[{"href":"https:\/\/linitiative.ca\/International\/wp-json\/wp\/v2\/media?parent=69676"}],"wp:term":[{"taxonomy":"category","embeddable":true,"href":"https:\/\/linitiative.ca\/International\/wp-json\/wp\/v2\/categories?post=69676"},{"taxonomy":"post_tag","embeddable":true,"href":"https:\/\/linitiative.ca\/International\/wp-json\/wp\/v2\/tags?post=69676"}],"curies":[{"name":"wp","href":"https:\/\/api.w.org\/{rel}","templated":true}]}}