{"id":69683,"date":"2019-12-08T13:50:04","date_gmt":"2019-12-08T18:50:04","guid":{"rendered":"https:\/\/linitiative.ca\/International\/la-formation-de-militaires-saoudiens-aux-etats-unis-remise-en-cause\/"},"modified":"2019-12-08T13:50:04","modified_gmt":"2019-12-08T18:50:04","slug":"la-formation-de-militaires-saoudiens-aux-etats-unis-remise-en-cause","status":"publish","type":"post","link":"https:\/\/linitiative.ca\/International\/la-formation-de-militaires-saoudiens-aux-etats-unis-remise-en-cause\/","title":{"rendered":"La formation de militaires saoudiens aux Etats-Unis remise en cause"},"content":{"rendered":"<div readability=\"32\">\n<p>Publi\u00e9 le 08.12.2019 \u00e0 19h50 par AFP<\/p>\n<\/div>\n<div readability=\"141\">\n<p>Le programme d\u2019entra\u00eenement des militaires saoudiens sur le sol am\u00e9ricain \u00e9tait remis en cause dimanche aux Etats-Unis, deux jours apr\u00e8s qu\u2019un Saoudien en formation a tu\u00e9 trois personnes sur une base a\u00e9ronavale de Floride.<\/p>\n<p>Chose rare en ces temps de destitution, dans une Am\u00e9rique divis\u00e9e comme jamais politiquement, \u00e9lus r\u00e9publicains et d\u00e9mocrates s\u2019accordaient sur un point au surlendemain de la fusillade: les \u00e9changes militaires entre Washington et Ryad doivent \u00eatre examin\u00e9s de pr\u00e8s.<\/p>\n<p>Des centaines de militaires saoudiens suivent chaque ann\u00e9e des formations au sein des forces arm\u00e9es am\u00e9ricaines, illustration des liens forts qui unissent les deux pays alli\u00e9s.<\/p>\n<p>Ce programme \u00ab\u00a0doit \u00eatre suspendu\u00a0\u00bb tant que la lumi\u00e8re n\u2019aura pas compl\u00e8tement \u00e9t\u00e9 faite sur les \u00e9v\u00e9nements en Floride, a notamment estim\u00e9 dimanche matin sur Fox News le s\u00e9nateur r\u00e9publicain Lindsey Graham, un proche du pr\u00e9sident Donald Trump.<\/p>\n<p>Mohammed Alshamrani, 21 ans, sous-lieutenant dans l\u2019arm\u00e9e de l\u2019Air saoudienne, a ouvert le feu vendredi avec une arme de poing dans une salle de cours de la base de Pensacola, faisant trois morts et huit bless\u00e9s, avant d\u2019\u00eatre abattu par la police.<\/p>\n<p>Les enqu\u00eateurs cherchaient toujours, deux jours plus tard, \u00e0 d\u00e9terminer les motivations de l\u2019assaillant, qui aurait publi\u00e9 sur Twitter avant son attaque des messages hostiles envers les Etats-Unis, et s\u2019il avait b\u00e9n\u00e9fici\u00e9 d\u2019\u00e9ventuelles complicit\u00e9s.<\/p>\n<p>\u2013 \u00ab\u00a0Comprendre la culture\u00a0\u00bb \u2013<\/p>\n<p>\u00ab\u00a0L\u2019Arabie saoudite est un alli\u00e9, mais il y a ici quelque chose de fondamentalement mauvais. Nous devons ralentir ce programme et le r\u00e9\u00e9valuer\u00a0\u00bb, a insist\u00e9 Lindsey Graham.<\/p>\n<p>Un autre r\u00e9publicain, Matt Gaetz, \u00e9lu de Floride o\u00f9 a eu lieu l\u2019attaque, a lui aussi appel\u00e9 dimanche, sur la cha\u00eene ABC, \u00e0 \u00ab\u00a0mettre le programme en pause\u00a0\u00bb.<\/p>\n<p>\u00ab\u00a0Nous ne devrions pas accueillir de nouveaux \u00e9tudiants saoudiens tant que n\u2019avons pas absolument confiance en notre processus de contr\u00f4le\u00a0\u00bb, a-t-il expliqu\u00e9, insistant sur la n\u00e9cessit\u00e9 de \u00ab\u00a0surveiller leurs activit\u00e9s afin de s\u2019assurer qu\u2019il n\u2019y a pas de radicalisation\u00a0\u00bb.<\/p>\n<p>Le ministre am\u00e9ricain de la D\u00e9fense Mark Esper a indiqu\u00e9 dimanche sur Fox News qu\u2019il avait demand\u00e9 \u00ab\u00a0un examen des proc\u00e9dures de contr\u00f4le des ressortissants \u00e9trangers venant (en formation) aux Etats-Unis\u00a0\u00bb, tout en d\u00e9fendant l\u2019utilit\u00e9 de ce type de programmes.<\/p>\n<p>\u00ab\u00a0Nous disposons de quelque chose que n\u2019ont pas nos adversaires potentiels, comme la Russie et la Chine\u00a0\u00bb, a-t-il soulign\u00e9. \u00ab\u00a0A savoir un syst\u00e8me \u00e9labor\u00e9 d\u2019alliances et de partenariats. La possibilit\u00e9 de faire venir ici des \u00e9tudiants \u00e9trangers pour s\u2019entra\u00eener avec nous, pour comprendre la culture am\u00e9ricaine, nous est tr\u00e8s importante afin de construire ces relations au long cours qui contribuent \u00e0 notre s\u00e9curit\u00e9\u00a0\u00bb.<\/p>\n<p>\u2013 \u00ab\u00a0Relation inacceptable\u00a0\u00bb \u2013<\/p>\n<p>L\u2019opposition d\u00e9mocrate a d\u00e9nonc\u00e9 de son c\u00f4t\u00e9 la politique du gouvernement Trump vis-\u00e0-vis de l\u2019Arabie saoudite, l\u2019accusant de faire passer ses int\u00e9r\u00eats \u00e9conomiques et militaires avant le respect des droits humains.<\/p>\n<p>\u00ab\u00a0La relation que nous entretenons est inacceptable\u00a0\u00bb, a jug\u00e9 dimanche sur ABC le candidat \u00e0 la Maison Blanche Cory Booker, \u00e9voquant notamment les avions am\u00e9ricains qui \u00ab\u00a0ravitaillent leurs avions militaires pour aller l\u00e2cher sur le Y\u00e9men des bombes faites aux Etats-Unis\u00a0\u00bb.<\/p>\n<p>L\u2019\u00e9lue d\u00e9mocrate de Californie Zoe Lofgren a rappel\u00e9 quant \u00e0 elle sur la m\u00eame cha\u00eene l\u2019assassinat \u00e0 l\u2019automne 2018 dans l\u2019enceinte du consulat d\u2019Arabie saoudite \u00e0 Istanbul, par un commando d\u2019agents saoudiens, du journaliste Jamal Khashoggi, critique du pouvoir saoudien.<\/p>\n<p>\u00ab\u00a0Ils ont tu\u00e9 et d\u00e9membr\u00e9 ce journaliste\u00a0\u00bb, qui collaborait au Washington Post, \u00ab\u00a0et nous ne les avons jamais entendus rendre des comptes pour cela\u00a0\u00bb, a-t-elle not\u00e9.<\/p>\n<p>Adam Schiff, pr\u00e9sident d\u00e9mocrate de la commission du Renseignement de la Chambre des repr\u00e9sentants, a appel\u00e9 dimanche sur CBS l\u2019Arabie saoudite \u00e0 mener \u00ab\u00a0une enqu\u00eate compl\u00e8te\u00a0\u00bb sur la fusillade en Floride.<\/p>\n<p>\u00ab\u00a0Et je pr\u00e9f\u00e8rerais que le pr\u00e9sident des Etats-Unis, plut\u00f4t que de parler au nom du gouvernement saoudien, lui demande des r\u00e9ponses\u00a0\u00bb, a-t-il ajout\u00e9.<\/p>\n<\/div>\n<p>Auteur: AFP<br \/>\n<a href=\"https:\/\/www.journalducameroun.com\/la-formation-de-militaires-saoudiens-aux-etats-unis-remise-en-cause\/\">Cliquez ici pour lire l&rsquo;article depuis sa source.<\/a><\/p>\n","protected":false},"excerpt":{"rendered":"<p>Publi\u00e9 le 08.12.2019 \u00e0 19h50 par AFP Le programme d\u2019entra\u00eenement des militaires saoudiens sur le sol am\u00e9ricain \u00e9tait remis en cause dimanche aux Etats-Unis, deux jours apr\u00e8s qu\u2019un Saoudien en formation a tu\u00e9 trois personnes sur une base a\u00e9ronavale de Floride. Chose rare en ces temps de destitution, dans une Am\u00e9rique divis\u00e9e comme jamais politiquement, [&hellip;]<\/p>\n","protected":false},"author":1965,"featured_media":0,"comment_status":"closed","ping_status":"closed","sticky":false,"template":"","format":"standard","meta":{"fifu_image_url":"","fifu_image_alt":"","footnotes":""},"categories":[73,82],"tags":[],"class_list":["post-69683","post","type-post","status-publish","format-standard","hentry","category-actualite","category-cameroun"],"_links":{"self":[{"href":"https:\/\/linitiative.ca\/International\/wp-json\/wp\/v2\/posts\/69683","targetHints":{"allow":["GET"]}}],"collection":[{"href":"https:\/\/linitiative.ca\/International\/wp-json\/wp\/v2\/posts"}],"about":[{"href":"https:\/\/linitiative.ca\/International\/wp-json\/wp\/v2\/types\/post"}],"author":[{"embeddable":true,"href":"https:\/\/linitiative.ca\/International\/wp-json\/wp\/v2\/users\/1965"}],"replies":[{"embeddable":true,"href":"https:\/\/linitiative.ca\/International\/wp-json\/wp\/v2\/comments?post=69683"}],"version-history":[{"count":0,"href":"https:\/\/linitiative.ca\/International\/wp-json\/wp\/v2\/posts\/69683\/revisions"}],"wp:attachment":[{"href":"https:\/\/linitiative.ca\/International\/wp-json\/wp\/v2\/media?parent=69683"}],"wp:term":[{"taxonomy":"category","embeddable":true,"href":"https:\/\/linitiative.ca\/International\/wp-json\/wp\/v2\/categories?post=69683"},{"taxonomy":"post_tag","embeddable":true,"href":"https:\/\/linitiative.ca\/International\/wp-json\/wp\/v2\/tags?post=69683"}],"curies":[{"name":"wp","href":"https:\/\/api.w.org\/{rel}","templated":true}]}}