{"id":69684,"date":"2019-12-08T13:50:18","date_gmt":"2019-12-08T18:50:18","guid":{"rendered":"https:\/\/linitiative.ca\/International\/destitution-de-trump-les-democrates-vantent-leur-dossier-en-beton\/"},"modified":"2019-12-08T13:50:18","modified_gmt":"2019-12-08T18:50:18","slug":"destitution-de-trump-les-democrates-vantent-leur-dossier-en-beton","status":"publish","type":"post","link":"https:\/\/linitiative.ca\/International\/destitution-de-trump-les-democrates-vantent-leur-dossier-en-beton\/","title":{"rendered":"Destitution de Trump: les d\u00e9mocrates vantent leur \u00ab\u00a0dossier en b\u00e9ton\u00a0\u00bb"},"content":{"rendered":"<div readability=\"32\">\n<p>Publi\u00e9 le 08.12.2019 \u00e0 19h50 par AFP<\/p>\n<\/div>\n<div readability=\"152\">\n<p>Soup\u00e7onn\u00e9 d\u2019abus de pouvoir, Donald Trump serait d\u00e9clar\u00e9 coupable \u00ab\u00a0en trois minutes chrono\u00a0\u00bb par un jury s\u2019il \u00e9tait devant un tribunal, a affirm\u00e9 dimanche le d\u00e9mocrate menant les travaux vers la probable mise en accusation au Congr\u00e8s du pr\u00e9sident am\u00e9ricain, qui d\u00e9nonce une proc\u00e9dure \u00ab\u00a0bidon\u00a0\u00bb.<\/p>\n<p>\u00ab\u00a0Nous avons un dossier en b\u00e9ton\u00a0\u00bb, a d\u00e9clar\u00e9 sur CNN Jerry Nadler, pr\u00e9sident de la commission judiciaire de la Chambre des repr\u00e9sentants. \u00ab\u00a0Si ce dossier \u00e9tait pr\u00e9sent\u00e9 \u00e0 un jury, un verdict de culpabilit\u00e9 serait rendu en trois minutes chrono\u00a0\u00bb.<\/p>\n<p>Selon lui, \u00ab\u00a0l\u2019accusation au coeur (du dossier) est que le pr\u00e9sident a plac\u00e9 ses int\u00e9r\u00eats au-dessus de ceux du pays \u00e0 plusieurs reprises et qu\u2019il a demand\u00e9 l\u2019ing\u00e9rence d\u2019une puissance \u00e9trang\u00e8re dans nos \u00e9lections \u00e0 plusieurs reprises\u00a0\u00bb.<\/p>\n<p>Cela pose \u00ab\u00a0un v\u00e9ritable danger pour le scrutin\u00a0\u00bb pr\u00e9sidentiel de novembre 2020, a-t-il mis en garde.<\/p>\n<p>Forts de leur majorit\u00e9 \u00e0 la Chambre, les d\u00e9mocrates ont ouvert fin septembre une enqu\u00eate en destitution contre Donald Trump apr\u00e8s avoir appris qu\u2019il avait demand\u00e9 \u00e0 l\u2019Ukraine d\u2019enqu\u00eater sur Joe Biden, bien plac\u00e9 pour l\u2019affronter lors de la pr\u00e9sidentielle.<\/p>\n<p>Donald Trump proclame son innocence et d\u00e9nonce une enqu\u00eate anticonstitutionnelle, une \u00ab\u00a0mascarade\u00a0\u00bb mont\u00e9e \u00e0 charge contre lui avec laquelle il refuse de coop\u00e9rer.<\/p>\n<p>Apr\u00e8s deux mois d\u2019enqu\u00eate \u00e0 la chambre basse, la commission judiciaire va commencer \u00e0 r\u00e9diger la semaine prochaine les chefs d\u2019accusation visant le milliardaire.<\/p>\n<p>Elle commencera par entendre lundi des repr\u00e9sentants des groupes r\u00e9publicain et d\u00e9mocrate, qui pr\u00e9senteront chacun leur version, aux antipodes, des conclusions \u00e0 tirer de l\u2019enqu\u00eate.<\/p>\n<p>Cette audition sera \u00ab\u00a0bidon\u00a0\u00bb, a tweet\u00e9 Donald Trump dimanche.<\/p>\n<p>Plusieurs chefs d\u2019accusation pourraient \u00eatre retenus: abus de pouvoir et corruption, entrave \u00e0 la bonne marche du Congr\u00e8s et entrave \u00e0 la justice.<\/p>\n<p>Cette nouvelle \u00e9tape acc\u00e9l\u00e8re la proc\u00e9dure vers le vote en s\u00e9ance pl\u00e9ni\u00e8re \u00e0 la Chambre sur la mise en accusation (\u00ab\u00a0impeachment\u00a0\u00bb en anglais) du pr\u00e9sident, probablement avant No\u00ebl.<\/p>\n<p>Il faudra avant cela passer par un vote cl\u00e9 en commission judiciaire sur ces m\u00eames chefs d\u2019accusation. M. Nadler n\u2019a pas \u00e9cart\u00e9 dimanche qu\u2019il puisse \u00eatre organis\u00e9 d\u2019ici la fin de la semaine prochaine.<\/p>\n<p>Compte tenu de la majorit\u00e9 d\u00e9mocrate, Donald Trump deviendra certainement le troisi\u00e8me pr\u00e9sident de l\u2019histoire, apr\u00e8s Andrew Johnson et Bill Clinton, mis en accusation au Congr\u00e8s am\u00e9ricain.<\/p>\n<p>Mais il devrait ensuite \u00eatre acquitt\u00e9 lors du proc\u00e8s politique qui sera organis\u00e9 au S\u00e9nat, o\u00f9 les r\u00e9publicains sont majoritaires et le soutiennent largement.<\/p>\n<p>\u2013 Trump \u00ab\u00a0va \u00eatre acquitt\u00e9\u00a0\u00bb \u2013<\/p>\n<p>Les r\u00e9publicains accusent les d\u00e9mocrates d\u2019aller trop vite, avec pour seul objectif de destituer Donald Trump car ils craignent de ne pas le battre lors de la pr\u00e9sidentielle. Le pr\u00e9sident r\u00e9publicain, lui, jure de prendre sa revanche dans les urnes.<\/p>\n<p>\u00ab\u00a0Ils ont peur de la prochaine \u00e9lection\u00a0\u00bb, a affirm\u00e9 dimanche sur Fox News la porte-parole de la Maison Blanche, Stephanie Grisham, pour qui l\u2019enqu\u00eate des d\u00e9mocrates est une \u00ab\u00a0v\u00e9ritable honte\u00a0\u00bb.<\/p>\n<p>S\u2019il est mis en accusation \u00e0 la Chambre, le pr\u00e9sident pourra b\u00e9n\u00e9ficier d\u2019une \u00ab\u00a0proc\u00e9dure juste\u00a0\u00bb au S\u00e9nat lors du proc\u00e8s, a affirm\u00e9 sa porte-parole, martelant qu\u2019il n\u2019avait \u00ab\u00a0rien fait de mal\u00a0\u00bb.<\/p>\n<p>Les r\u00e9publicains prendront alors les r\u00eanes de la proc\u00e9dure. Donald Trump veut qu\u2019ils convoquent une batterie de d\u00e9mocrates, dont Joe Biden et son fils Hunter.<\/p>\n<p>Ce dernier avait \u00e9t\u00e9 nomm\u00e9 au conseil d\u2019administration d\u2019un grand groupe gazier ukrainien lorsque son p\u00e8re \u00e9tait vice-pr\u00e9sident de Barack Obama. Le pr\u00e9sident les accuse, sans preuves, d\u2019\u00eatre corrompus.<\/p>\n<p>Mais dimanche, le s\u00e9nateur r\u00e9publicain Lindsey Graham, un grand alli\u00e9 du pr\u00e9sident qui dirige la commission judiciaire de la chambre haute, a pr\u00e9venu qu\u2019il lui conseillerait de ne pas convoquer ces t\u00e9moins, afin d\u2019en finir rapidement avec une proc\u00e9dure qui \u00ab\u00a0d\u00e9chire le pays\u00a0\u00bb.<\/p>\n<p>\u00ab\u00a0Voici mon conseil au pr\u00e9sident: si le S\u00e9nat est pr\u00eat \u00e0 voter pour vous acquitter, vous devriez vous en r\u00e9jouir et nous pourrons enqu\u00eater sur toute ces autres choses hors de la proc\u00e9dure de destitution\u00a0\u00bb, a-t-il d\u00e9clar\u00e9 sur Fox News.<\/p>\n<p>\u00ab\u00a0D\u00e8s que 51 d\u2019entre nous\u00a0\u00bb, soit une majorit\u00e9 simple au S\u00e9nat, \u00ab\u00a0diront que nous en avons assez entendu, ce proc\u00e8s se terminera. Le pr\u00e9sident va \u00eatre acquitt\u00e9\u00a0\u00bb.<\/p>\n<\/div>\n<p>Auteur: AFP<br \/>\n<a href=\"https:\/\/www.journalducameroun.com\/destitution-de-trump-les-democrates-vantent-leur-dossier-en-beton\/\">Cliquez ici pour lire l&rsquo;article depuis sa source.<\/a><\/p>\n","protected":false},"excerpt":{"rendered":"<p>Publi\u00e9 le 08.12.2019 \u00e0 19h50 par AFP Soup\u00e7onn\u00e9 d\u2019abus de pouvoir, Donald Trump serait d\u00e9clar\u00e9 coupable \u00ab\u00a0en trois minutes chrono\u00a0\u00bb par un jury s\u2019il \u00e9tait devant un tribunal, a affirm\u00e9 dimanche le d\u00e9mocrate menant les travaux vers la probable mise en accusation au Congr\u00e8s du pr\u00e9sident am\u00e9ricain, qui d\u00e9nonce une proc\u00e9dure \u00ab\u00a0bidon\u00a0\u00bb. \u00ab\u00a0Nous avons un [&hellip;]<\/p>\n","protected":false},"author":1965,"featured_media":0,"comment_status":"closed","ping_status":"closed","sticky":false,"template":"","format":"standard","meta":{"fifu_image_url":"","fifu_image_alt":"","footnotes":""},"categories":[73,82],"tags":[],"class_list":["post-69684","post","type-post","status-publish","format-standard","hentry","category-actualite","category-cameroun"],"_links":{"self":[{"href":"https:\/\/linitiative.ca\/International\/wp-json\/wp\/v2\/posts\/69684","targetHints":{"allow":["GET"]}}],"collection":[{"href":"https:\/\/linitiative.ca\/International\/wp-json\/wp\/v2\/posts"}],"about":[{"href":"https:\/\/linitiative.ca\/International\/wp-json\/wp\/v2\/types\/post"}],"author":[{"embeddable":true,"href":"https:\/\/linitiative.ca\/International\/wp-json\/wp\/v2\/users\/1965"}],"replies":[{"embeddable":true,"href":"https:\/\/linitiative.ca\/International\/wp-json\/wp\/v2\/comments?post=69684"}],"version-history":[{"count":0,"href":"https:\/\/linitiative.ca\/International\/wp-json\/wp\/v2\/posts\/69684\/revisions"}],"wp:attachment":[{"href":"https:\/\/linitiative.ca\/International\/wp-json\/wp\/v2\/media?parent=69684"}],"wp:term":[{"taxonomy":"category","embeddable":true,"href":"https:\/\/linitiative.ca\/International\/wp-json\/wp\/v2\/categories?post=69684"},{"taxonomy":"post_tag","embeddable":true,"href":"https:\/\/linitiative.ca\/International\/wp-json\/wp\/v2\/tags?post=69684"}],"curies":[{"name":"wp","href":"https:\/\/api.w.org\/{rel}","templated":true}]}}