{"id":69685,"date":"2019-12-08T15:50:03","date_gmt":"2019-12-08T20:50:03","guid":{"rendered":"https:\/\/linitiative.ca\/International\/foot-marseille-signe-un-partenariat-avec-lacademie-diambars-du-senegal\/"},"modified":"2019-12-08T15:50:03","modified_gmt":"2019-12-08T20:50:03","slug":"foot-marseille-signe-un-partenariat-avec-lacademie-diambars-du-senegal","status":"publish","type":"post","link":"https:\/\/linitiative.ca\/International\/foot-marseille-signe-un-partenariat-avec-lacademie-diambars-du-senegal\/","title":{"rendered":"Foot: Marseille signe un partenariat avec l\u2019acad\u00e9mie Diambars du S\u00e9n\u00e9gal"},"content":{"rendered":"<div readability=\"32\">\n<p>Publi\u00e9 le 08.12.2019 \u00e0 21h50 par AFP<\/p>\n<\/div>\n<div readability=\"77\">\n<p>L\u2019Olympique de Marseille signe un accord exclusif de partenariat avec l\u2019Institut Diambars du S\u00e9n\u00e9gal, prestigieuse \u00e9cole de football du continent africain, a annonc\u00e9 dimanche le club.<\/p>\n<p>L\u2019accord est conclu pour trois ans, \u00ab\u00a0mais je pense que \u00e7a durera bien plus que trois ans\u00a0\u00bb, a expliqu\u00e9 \u00e0 l\u2019AFP le pr\u00e9sident de l\u2019OM, Jacques-Henri Eyraud.<\/p>\n<p>Outre des \u00e9changes d\u2019\u00e9ducateurs et de m\u00e9thodes entre le club de Ligue 1 et le centre de formation s\u00e9n\u00e9galais, le contrat pr\u00e9voit \u00ab\u00a0une option prioritaire sur deux joueurs des Diambars\u00a0\u00bb chaque saison, a pr\u00e9cis\u00e9 \u00e0 l\u2019AFP le pr\u00e9sident du centre de formation s\u00e9n\u00e9galais, Saer Seck.<\/p>\n<p>\u00ab\u00a0Ce partenariat n\u2019aurait pas de sens si l\u2019OM se faisait br\u00fbler la politesse s\u2019il y avait une p\u00e9pite aux Diambars\u00a0\u00bb, a-t-il comment\u00e9.<\/p>\n<p>\u00ab\u00a0C\u2019est une priorit\u00e9 ouverte, mais Jacques-Henri sait que si l\u2019OM en voulait trois ou quatre, on serait autour de la table pour trouver une solution\u00a0\u00bb, a ajout\u00e9 M. Seck, \u00e9galement pr\u00e9sident de la Ligue s\u00e9n\u00e9galaise (LSFP).<\/p>\n<p>N\u00e9s en 2003 de la volont\u00e9 de l\u2019ex-footballeur Jimmy Adjovi-Boco, pr\u00e9sent au stade V\u00e9lodrome dimanche, o\u00f9 se jouait OM-Bordeaux, les Diambars accueillent gratuitement 120 pensionnaires de 12 \u00e0 19 ans.<\/p>\n<p>L\u2019Institut a \u00e9galement une \u00e9quipe professionnelle, le FC Diambars, champion du S\u00e9n\u00e9gal en 2013.<\/p>\n<p>Son plus beau fleuron est le milieu du Paris SG Idrissa Gana Gueye, \u00ab\u00a0qui malheureusement ne porte pas le maillot de l\u2019OM\u00a0\u00bb, a plaisant\u00e9 M. Seck.<\/p>\n<\/div>\n<p>Auteur: AFP<br \/>\n<a href=\"https:\/\/www.journalducameroun.com\/foot-marseille-signe-un-partenariat-avec-lacademie-diambars-du-senegal\/\">Cliquez ici pour lire l&rsquo;article depuis sa source.<\/a><\/p>\n","protected":false},"excerpt":{"rendered":"<p>Publi\u00e9 le 08.12.2019 \u00e0 21h50 par AFP L\u2019Olympique de Marseille signe un accord exclusif de partenariat avec l\u2019Institut Diambars du S\u00e9n\u00e9gal, prestigieuse \u00e9cole de football du continent africain, a annonc\u00e9 dimanche le club. L\u2019accord est conclu pour trois ans, \u00ab\u00a0mais je pense que \u00e7a durera bien plus que trois ans\u00a0\u00bb, a expliqu\u00e9 \u00e0 l\u2019AFP le [&hellip;]<\/p>\n","protected":false},"author":1965,"featured_media":0,"comment_status":"closed","ping_status":"closed","sticky":false,"template":"","format":"standard","meta":{"fifu_image_url":"","fifu_image_alt":"","footnotes":""},"categories":[73,82],"tags":[],"class_list":["post-69685","post","type-post","status-publish","format-standard","hentry","category-actualite","category-cameroun"],"_links":{"self":[{"href":"https:\/\/linitiative.ca\/International\/wp-json\/wp\/v2\/posts\/69685","targetHints":{"allow":["GET"]}}],"collection":[{"href":"https:\/\/linitiative.ca\/International\/wp-json\/wp\/v2\/posts"}],"about":[{"href":"https:\/\/linitiative.ca\/International\/wp-json\/wp\/v2\/types\/post"}],"author":[{"embeddable":true,"href":"https:\/\/linitiative.ca\/International\/wp-json\/wp\/v2\/users\/1965"}],"replies":[{"embeddable":true,"href":"https:\/\/linitiative.ca\/International\/wp-json\/wp\/v2\/comments?post=69685"}],"version-history":[{"count":0,"href":"https:\/\/linitiative.ca\/International\/wp-json\/wp\/v2\/posts\/69685\/revisions"}],"wp:attachment":[{"href":"https:\/\/linitiative.ca\/International\/wp-json\/wp\/v2\/media?parent=69685"}],"wp:term":[{"taxonomy":"category","embeddable":true,"href":"https:\/\/linitiative.ca\/International\/wp-json\/wp\/v2\/categories?post=69685"},{"taxonomy":"post_tag","embeddable":true,"href":"https:\/\/linitiative.ca\/International\/wp-json\/wp\/v2\/tags?post=69685"}],"curies":[{"name":"wp","href":"https:\/\/api.w.org\/{rel}","templated":true}]}}