{"id":69686,"date":"2019-12-09T08:00:28","date_gmt":"2019-12-09T13:00:28","guid":{"rendered":"https:\/\/linitiative.ca\/International\/carrefour-international-de-lindustrie-alimentaire-siema-food-expo-releve-le-pari-de-la-4eme-edition\/"},"modified":"2019-12-09T08:00:28","modified_gmt":"2019-12-09T13:00:28","slug":"carrefour-international-de-lindustrie-alimentaire-siema-food-expo-releve-le-pari-de-la-4eme-edition","status":"publish","type":"post","link":"https:\/\/linitiative.ca\/International\/carrefour-international-de-lindustrie-alimentaire-siema-food-expo-releve-le-pari-de-la-4eme-edition\/","title":{"rendered":"Carrefour international de l\u2019industrie alimentaire : SIEMA Food Expo rel\u00e8ve le pari  de la 4\u00e8me \u00e9dition"},"content":{"rendered":"<p class=\"p1\"><span class=\"s1 c4\"><strong>\u00abLe Maroc a une \u00e9conomie en pleine croissance qui attire les grands investisseurs internationaux. SIEMA Expo contribue \u00e0 cette dynamique en invitant les grandes signatures du march\u00e9 \u00e0 y participer et cr\u00e9er des synergies avec les professionnels locaux\u00bb.<\/strong><\/span><span id=\"more-326020\"\/><\/p>\n<p class=\"p1\">Agriculture moderne, offre diversifi\u00e9e et expertise\u2026Des atouts qui conf\u00e8rent au march\u00e9 national de l\u2019alimentation une notori\u00e9t\u00e9 aussi bien sur le plan r\u00e9gional que continental. C\u2019est d\u2019ailleurs cette dynamique qui est mise en exergue lors du SIEMA Food Expo 2019. Cette exposition internationale des aliments, de l\u2019hospitalit\u00e9 et des machines agroalimentaires qui s\u2019est d\u00e9roul\u00e9e du 6 au 8 d\u00e9cembre \u00e0 Casablanca offre aux op\u00e9rateurs nationaux et internationaux une plate-forme de r\u00e9f\u00e9rence. Plus d\u2019une centaine d\u2019exposants venus du monde entier ont fait le d\u00e9placement jusqu\u2019\u00e0 la capitale \u00e9conomique pour pr\u00e9senter une offre agroalimentaire diversifi\u00e9e et des technologies agricoles des plus pointues.<\/p>\n<p class=\"p1\">Ces entit\u00e9s exposantes ont en effet pr\u00e9sent\u00e9 une large gamme de produits relative \u00e0 la transformation des aliments, \u00e0 l\u2019emballage, \u00e0 la cong\u00e9lation et l\u2019embouteillage. L\u2019offre pr\u00e9sent\u00e9e lors de la 4\u00e8me \u00e9dition du Salon porte sur les produits de conserve, d\u2019aliments di\u00e9t\u00e9tiques, des mets s\u00e9ch\u00e9s, fum\u00e9s et frais. Sur les \u00e9talages figurent \u00e9galement des \u00e9quipements et accessoires agricoles, des produits d\u2019\u00e9quipement alimentaires, de cuisson, de traitement et de pr\u00e9paration. Le choix du Maroc pour abriter cette manifestation n\u2019est pas fortuit. Les organisateurs rel\u00e8vent dans ce sens le potentiel accru du march\u00e9 agricole et sa diversit\u00e9.<\/p>\n<p><a href=\"http:\/\/aujourdhui.ma\/wp-content\/uploads\/2019\/12\/SIEMA-Food-Expo-Casablanca.jpg?x29840\"><img loading=\"lazy\" decoding=\"async\" class=\"size-full wp-image-326029 aligncenter\" src=\"http:\/\/aujourdhui.ma\/wp-content\/uploads\/2019\/12\/SIEMA-Food-Expo-Casablanca.jpg?x29840\" alt=\"\" width=\"746\" height=\"380\" srcset=\"http:\/\/aujourdhui.ma\/wp-content\/uploads\/2019\/12\/SIEMA-Food-Expo-Casablanca.jpg 746w, http:\/\/aujourdhui.ma\/wp-content\/uploads\/2019\/12\/SIEMA-Food-Expo-Casablanca-300x153.jpg 300w\" sizes=\"auto, (max-width: 746px) 100vw, 746px\"\/><\/a><\/p>\n<p class=\"p1\"><em>\u00abLe Maroc a une \u00e9conomie en pleine croissance qui attire les grands<\/em> <span class=\"s1\"><em>investisseurs internationaux. SIEMA Expo contribue \u00e0 cette dynamique en invitant les grandes signatures du march\u00e9 \u00e0 y participer et cr\u00e9er des synergies avec les professionnels locaux\u00bb,<\/em> peut-on d\u00e9duire de Elan Expo organisateur de ce rendez-vous. De par son positionnement g\u00e9ographique et son riche potentiel agricole, le Maroc a r\u00e9ussi \u00e0 sceller des partenariats gagnants avec plusieurs pays, en l\u2019occurrence l\u2019Europe pour qui il fournit une panoplie de produits alimentaires de tr\u00e8s bonne qualit\u00e9. Gr\u00e2ce aux dispositions du Plan Maroc Vert, les exportations marocaines ont p\u00e9n\u00e9tr\u00e9 de nouveaux march\u00e9s tels que ceux de l\u2019Inde, les \u00c9tats-Unis, du Br\u00e9sil et du Singapour.<\/span><\/p>\n<p class=\"p1\"><span class=\"s1\">Une ouverture qui conf\u00e8re une grande notori\u00e9t\u00e9 au <em>\u00abMade in Morocco\u00bb<\/em>. Dans l\u2019optique de fructifier ces partenariats, le SIEMA Food Expo pr\u00e9voit chaque ann\u00e9e des rencontres B2B permettant aux professionnels d\u2019explorer de nouveaux horizons. L\u2019occasion \u00e9tant \u00e9galement de conclure des accords commerciaux fructueux entre les entreprises marocaines et op\u00e9rateurs \u00e9trangers. Cette 4\u00e8me \u00e9dition ayant pris fin dimanche au centre d\u2019expositions de l\u2019AMDIE s\u2019est inscrite dans la m\u00eame lign\u00e9e de ses pr\u00e9c\u00e9dentes. Les organisateurs font \u00e9tat d\u2019un flux de visiteurs croissants par rapport aux pr\u00e9c\u00e9dentes \u00e9ditions. A titre d\u2019exemple, l\u2019\u00e9v\u00e9nement a r\u00e9ussi en 2018 \u00e0 drainer 120 participants internationaux issus de 16 pays dont l\u2019Espagne, l\u2019Italie, les Pays-Bas et l\u2019Inde.<\/span><\/p>\n<p class=\"p1\"><span class=\"s1\">Une pr\u00e9sence ayant connu une grande satisfaction aussi bien de la part des exposants que de la part des visiteurs. Notons que la pr\u00e9c\u00e9dente \u00e9dition a connu l\u2019organisation de 340 rencontres \u00abB2B\u00bb et a accueilli environ 6.400 visiteurs professionnels.<\/span><\/p>\n<p>Auteur: Kawtar Tali<br \/>\n<a href=\"http:\/\/aujourdhui.ma\/economie\/carrefour-international-de-lindustrie-alimentaire-siema-food-expo-releve-le-pari-de-la-4eme-edition\">Cliquez ici pour lire l&rsquo;article depuis sa source.<\/a><\/p>\n","protected":false},"excerpt":{"rendered":"<p>\u00abLe Maroc a une \u00e9conomie en pleine croissance qui attire les grands investisseurs internationaux. SIEMA Expo contribue \u00e0 cette dynamique en invitant les grandes signatures du march\u00e9 \u00e0 y participer et cr\u00e9er des synergies avec les professionnels locaux\u00bb. Agriculture moderne, offre diversifi\u00e9e et expertise\u2026Des atouts qui conf\u00e8rent au march\u00e9 national de l\u2019alimentation une notori\u00e9t\u00e9 aussi [&hellip;]<\/p>\n","protected":false},"author":1759,"featured_media":0,"comment_status":"closed","ping_status":"closed","sticky":false,"template":"","format":"standard","meta":{"fifu_image_url":"","fifu_image_alt":"","footnotes":""},"categories":[73,54],"tags":[],"class_list":["post-69686","post","type-post","status-publish","format-standard","hentry","category-actualite","category-maroc"],"_links":{"self":[{"href":"https:\/\/linitiative.ca\/International\/wp-json\/wp\/v2\/posts\/69686","targetHints":{"allow":["GET"]}}],"collection":[{"href":"https:\/\/linitiative.ca\/International\/wp-json\/wp\/v2\/posts"}],"about":[{"href":"https:\/\/linitiative.ca\/International\/wp-json\/wp\/v2\/types\/post"}],"author":[{"embeddable":true,"href":"https:\/\/linitiative.ca\/International\/wp-json\/wp\/v2\/users\/1759"}],"replies":[{"embeddable":true,"href":"https:\/\/linitiative.ca\/International\/wp-json\/wp\/v2\/comments?post=69686"}],"version-history":[{"count":0,"href":"https:\/\/linitiative.ca\/International\/wp-json\/wp\/v2\/posts\/69686\/revisions"}],"wp:attachment":[{"href":"https:\/\/linitiative.ca\/International\/wp-json\/wp\/v2\/media?parent=69686"}],"wp:term":[{"taxonomy":"category","embeddable":true,"href":"https:\/\/linitiative.ca\/International\/wp-json\/wp\/v2\/categories?post=69686"},{"taxonomy":"post_tag","embeddable":true,"href":"https:\/\/linitiative.ca\/International\/wp-json\/wp\/v2\/tags?post=69686"}],"curies":[{"name":"wp","href":"https:\/\/api.w.org\/{rel}","templated":true}]}}