{"id":69687,"date":"2019-12-09T08:30:30","date_gmt":"2019-12-09T13:30:30","guid":{"rendered":"https:\/\/linitiative.ca\/International\/industrie-agroalimentaire-integration-renforcee-de-lamont-productif-et-laval-de-transformation-agricole\/"},"modified":"2019-12-09T08:30:30","modified_gmt":"2019-12-09T13:30:30","slug":"industrie-agroalimentaire-integration-renforcee-de-lamont-productif-et-laval-de-transformation-agricole","status":"publish","type":"post","link":"https:\/\/linitiative.ca\/International\/industrie-agroalimentaire-integration-renforcee-de-lamont-productif-et-laval-de-transformation-agricole\/","title":{"rendered":"Industrie agroalimentaire : Int\u00e9gration renforc\u00e9e de l\u2019amont productif et l\u2019aval de transformation agricole"},"content":{"rendered":"<p><img decoding=\"async\" class=\"post_layout_5_img\" src=\"http:\/\/aujourdhui.ma\/wp-content\/uploads\/2016\/10\/agroalimentaire-agrumes.jpg?x29840\" alt=\"Industrie agroalimentaire Int\u00e9gration renforc\u00e9e de l\u2019amont productif et l\u2019aval de transformation agricole\"\/><\/p>\n<p class=\"p1\"><span class=\"s1 c5\"><em><span class=\"c4\"><strong>Le march\u00e9 de l\u2019alimentation du Maroc se d\u00e9veloppe \u00e0 grands pas. Le Royaume, de par ses politiques ambitieuses, a r\u00e9ussi \u00e0 tisser un \u00e9cosyst\u00e8me performant qui s\u00e9duit les investisseurs du monde entier.<\/strong><\/span><\/em><\/span> <span id=\"more-326021\"\/><\/p>\n<p class=\"p1\"><span class=\"s1\"><em>Le pays est sans conteste une destination phare de l\u2019industrie alimentaire dans la r\u00e9gion. Un positionnement qui se renforce au fil des ans et fait de ce secteur l\u2019un des piliers de l\u2019\u00e9conomie nationale. Cette orientation a \u00e9t\u00e9 appuy\u00e9e par le Plan Maroc Vert. Un dispositif ayant r\u00e9volutionn\u00e9 l\u2019agriculture marocaine. Gr\u00e2ce \u00e0 cette strat\u00e9gie le Maroc s\u2019est engag\u00e9 dans une politique agricole volontariste. Depuis 2008, le Royaume a ancr\u00e9 l\u2019activit\u00e9 agricole au c\u0153ur d\u2019une dynamique de comp\u00e9titivit\u00e9, de diversification territoriale, de durabilit\u00e9 et d\u2019ouverture \u00e0 l\u2019international. Des directives ayant port\u00e9 leurs fruits et ont consolid\u00e9 la contribution du secteur \u00e0 la cr\u00e9ation de richesse et de croissance. Les dix derni\u00e8res ann\u00e9es ayant marqu\u00e9 le d\u00e9ploiement du Plan Maroc Vert ont \u00e9t\u00e9 marqu\u00e9es par une int\u00e9gration soutenue de l\u2019amont et l\u2019aval agricole. Ceci s\u2019est traduit par des investissements colossaux et des rendements importants aussi bien \u00e0 l\u2019\u00e9chelle nationale et internationale. Tour d\u2019horizon des principales r\u00e9alisations atteintes dans ce sens.<\/em><\/span><\/p>\n<p class=\"p1\"><strong><span class=\"s1 c6\">Des agropoles pour une offre agricole moderne et performante<\/span><\/strong><\/p>\n<p class=\"p1\"><span class=\"s1\"><a href=\"http:\/\/aujourdhui.ma\/wp-content\/uploads\/2019\/12\/Agropole.jpg?x29840\"><img loading=\"lazy\" decoding=\"async\" class=\"wp-image-326036 alignleft\" src=\"http:\/\/aujourdhui.ma\/wp-content\/uploads\/2019\/12\/Agropole.jpg?x29840\" alt=\"\" width=\"411\" height=\"209\" srcset=\"http:\/\/aujourdhui.ma\/wp-content\/uploads\/2019\/12\/Agropole.jpg 746w, http:\/\/aujourdhui.ma\/wp-content\/uploads\/2019\/12\/Agropole-300x153.jpg 300w\" sizes=\"auto, (max-width: 411px) 100vw, 411px\"\/><\/a>Action transversale par excellence, la cr\u00e9ation d\u2019agropoles sur le territoire national vient consacrer deux orientations strat\u00e9giques, \u00e0 savoir celles du secteur agricole et du secteur industriel. Des synergies ont \u00e9t\u00e9 cr\u00e9\u00e9es entre les deux tutelles pour doter le Royaume d\u2019unit\u00e9 industrielle de qualit\u00e9 int\u00e9grant ainsi l\u2019amont agricole et l\u2019aval industriel. Un programme ambitieux a \u00e9t\u00e9 mis en place alimentant ainsi les principaux bassins de production agricole de plates-formes int\u00e9gr\u00e9es.<\/span><\/p>\n<p class=\"p1\"><span class=\"s1\">Le choix s\u2019est port\u00e9 sur Mekn\u00e8s, Berkane, Tadla, Souss, le Gharb, le Loukkos et le Haouz. L\u2019id\u00e9e \u00e9tant de mettre \u00e0 la disposition des investisseurs potentiels des terrains am\u00e9nag\u00e9s pour l\u2019installation de projets d\u2019investissement. A ce jour, quatre agropoles sont mises en place (Mekn\u00e8s, Berkane, Tadla et Souss) dont les lots sont en phase de commercialisation aupr\u00e8s des investisseurs. Ces parcs industriels sont con\u00e7us sous les derni\u00e8res normes internationales. Les agropoles proposent en effet une offre agricole moderne et performante. Ces cit\u00e9s agro-industrielles int\u00e9gr\u00e9es abritent en leur sein des Qualipoles install\u00e9es par le minist\u00e8re de l\u2019agriculture.<\/span><\/p>\n<p class=\"p1\"><span class=\"s1\">Consid\u00e9r\u00e9es comme guichet unique mis au service des op\u00e9rateurs, ces structures int\u00e8grent des laboratoires de derni\u00e8re g\u00e9n\u00e9ration (laboratoires de l\u2019INRA, ONSSA et EACCE), des espaces d\u2019exp\u00e9rimentation et de formation, ainsi que des services de contr\u00f4le qualit\u00e9 et d\u2019exportation.<\/span><\/p>\n<p class=\"p1\"><span class=\"c7\"><strong><span class=\"s1\">Un contrat programme ambitieux pour les agro-industriels<\/span><\/strong><\/span><\/p>\n<p class=\"p1\"><span class=\"s1\"><a href=\"http:\/\/aujourdhui.ma\/wp-content\/uploads\/2019\/12\/Agro-industrie.jpg?x29840\"><img loading=\"lazy\" decoding=\"async\" class=\"wp-image-326035 alignleft\" src=\"http:\/\/aujourdhui.ma\/wp-content\/uploads\/2019\/12\/Agro-industrie.jpg?x29840\" alt=\"\" width=\"415\" height=\"211\" srcset=\"http:\/\/aujourdhui.ma\/wp-content\/uploads\/2019\/12\/Agro-industrie.jpg 746w, http:\/\/aujourdhui.ma\/wp-content\/uploads\/2019\/12\/Agro-industrie-300x153.jpg 300w\" sizes=\"auto, (max-width: 415px) 100vw, 415px\"\/><\/a>En vue de stimuler davantage l\u2019investissement agro-industriel, les minist\u00e8res de l\u2019agriculture et de l\u2019industrie,<span class=\"Apple-converted-space\">\u00a0<\/span> en concertation avec les professionnels de l\u2019agriculture marocaine, ont mis en place une strat\u00e9gie de d\u00e9veloppement des industries agroalimentaires. Cette feuille de route s\u2019inscrit dans la continuit\u00e9 des engagements pris par les deux d\u00e9partements minist\u00e9riels et ce dans l\u2019optique de consolider davantage l\u2019int\u00e9gration entre l\u2019amont productif et l\u2019aval de transformation. Cette vision s\u2019est sold\u00e9e par la signature d\u2019un contrat programme en avril 2017. Ce chantier tend \u00e0 d\u00e9velopper l\u2019offre agro-industrielle \u00e0 travers la valorisation des produits et exportations agricoles. La finalit\u00e9 \u00e9tant d\u2019acc\u00e9l\u00e9rer le d\u00e9veloppement de l\u2019agro-industrie \u00e0 l\u2019horizon 2021.<\/span><\/p>\n<p class=\"p1\"><span class=\"s1\">Ce contrat programme, ciblant huit fili\u00e8res agricoles, porte sur un investissement de 12 milliards DH \u00e0 l\u2019horizon 2020 dont 8 milliards DH de contribution des op\u00e9rateurs priv\u00e9s, 2,8 milliards de dirhams du minist\u00e8re de l\u2019agriculture et 1,2 milliard DH du d\u00e9partement de l\u2019industrie.<span class=\"Apple-converted-space\">\u00a0<\/span> Les objectifs fix\u00e9s dans ce sens concernent la valorisation des agrumes, la valorisation des fruits et l\u00e9gumes ainsi que la transformation des fruits et l\u00e9gumes. Le contrat programme s\u2019articule \u00e9galement autour de l\u2019industrie de l\u2019huile d\u2019olive, l\u2019industrie laiti\u00e8re, l\u2019industrie des viandes, l\u2019industrie de la biscuiterie, la confiserie et la chocolaterie et l\u2019industrie des p\u00e2tes et couscous.\u00a0<\/span><\/p>\n<p class=\"p1\"><span class=\"s1\">En termes d\u2019impacts socio-\u00e9conomiques, cette feuille de route ambitionne de cr\u00e9er \u00e0 l\u2019horizon 2021 plus de 38.000 emplois permanents, un chiffre d\u2019affaires annuel additionnel de 42 milliards DH, un chiffre d\u2019affaires annuel additionnel \u00e0 l\u2019export de 12,5 milliards de dirhams et une valeur de chiffre d\u2019affaires annuel additionnel, et une valeur ajout\u00e9e additionnelle de 13 milliards DH.<\/span><\/p>\n<p class=\"p1\"><span class=\"c8\"><strong><span class=\"s1\">Des avanc\u00e9es encourageantes sur le plan op\u00e9rationnel<\/span><\/strong><\/span><\/p>\n<p class=\"p1\"><span class=\"s1\"><a href=\"http:\/\/aujourdhui.ma\/wp-content\/uploads\/2016\/06\/Oranges-agrumes-marocains.jpg?x29840\"><img loading=\"lazy\" decoding=\"async\" class=\"wp-image-238483 alignleft\" src=\"http:\/\/aujourdhui.ma\/wp-content\/uploads\/2016\/06\/Oranges-agrumes-marocains.jpg?x29840\" alt=\"\" width=\"421\" height=\"214\" srcset=\"http:\/\/aujourdhui.ma\/wp-content\/uploads\/2016\/06\/Oranges-agrumes-marocains.jpg 746w, http:\/\/aujourdhui.ma\/wp-content\/uploads\/2016\/06\/Oranges-agrumes-marocains-300x153.jpg 300w\" sizes=\"auto, (max-width: 421px) 100vw, 421px\"\/><\/a>L\u2019\u00e9lan insuffl\u00e9 dans la sph\u00e8re industrielle s\u2019illustre par des indicateurs performants. Il ressort que 194 projets ont \u00e9t\u00e9 d\u00e9pos\u00e9s pour un montant d\u2019investissement de 5,1 milliards de dirhams permettant la cr\u00e9ation de plus de 25.000 emplois.<\/span><\/p>\n<p class=\"p1\"><span class=\"s1\">Ces chiffres repr\u00e9sentent 53% de l\u2019objectif 2021 en termes de nombre de projets, 43% en termes d\u2019investissements et 65% en termes de cr\u00e9ation d\u2019emplois. Quant \u00e0 l\u2019export, les produits agricoles consolident leur positionnement sur le march\u00e9 international. Sur les 10 derni\u00e8res ann\u00e9es, le secteur voit son PIB et exportation doubler sans oublier l\u2019augmentation av\u00e9r\u00e9e de la production de la majorit\u00e9 des fili\u00e8res.<\/span><\/p>\n<p class=\"p1\"><span class=\"s1\">La tutelle rel\u00e8ve \u00e0 cet effet des hausses\u00a0de 83% pour les agrumes, de 93% pour les c\u00e9r\u00e9ales et l\u2019arboriculture, de 136% pour les olives, de 34% pour le mara\u00eechage, de 62\u00a0% pour les dattes, de 214% pour les semences, de 53% pour les viandes rouges et de 41% pour les viandes avicoles.<\/span><\/p>\n<p>Auteur: Kawtar Tali<br \/>\n<a href=\"http:\/\/aujourdhui.ma\/economie\/industrie-agroalimentaire-integration-renforcee-de-lamont-productif-et-laval-de-transformation-agricole\">Cliquez ici pour lire l&rsquo;article depuis sa source.<\/a><\/p>\n","protected":false},"excerpt":{"rendered":"<p>Le march\u00e9 de l\u2019alimentation du Maroc se d\u00e9veloppe \u00e0 grands pas. Le Royaume, de par ses politiques ambitieuses, a r\u00e9ussi \u00e0 tisser un \u00e9cosyst\u00e8me performant qui s\u00e9duit les investisseurs du monde entier. Le pays est sans conteste une destination phare de l\u2019industrie alimentaire dans la r\u00e9gion. Un positionnement qui se renforce au fil des ans [&hellip;]<\/p>\n","protected":false},"author":1759,"featured_media":0,"comment_status":"closed","ping_status":"closed","sticky":false,"template":"","format":"standard","meta":{"fifu_image_url":"","fifu_image_alt":"","footnotes":""},"categories":[73,54],"tags":[],"class_list":["post-69687","post","type-post","status-publish","format-standard","hentry","category-actualite","category-maroc"],"_links":{"self":[{"href":"https:\/\/linitiative.ca\/International\/wp-json\/wp\/v2\/posts\/69687","targetHints":{"allow":["GET"]}}],"collection":[{"href":"https:\/\/linitiative.ca\/International\/wp-json\/wp\/v2\/posts"}],"about":[{"href":"https:\/\/linitiative.ca\/International\/wp-json\/wp\/v2\/types\/post"}],"author":[{"embeddable":true,"href":"https:\/\/linitiative.ca\/International\/wp-json\/wp\/v2\/users\/1759"}],"replies":[{"embeddable":true,"href":"https:\/\/linitiative.ca\/International\/wp-json\/wp\/v2\/comments?post=69687"}],"version-history":[{"count":0,"href":"https:\/\/linitiative.ca\/International\/wp-json\/wp\/v2\/posts\/69687\/revisions"}],"wp:attachment":[{"href":"https:\/\/linitiative.ca\/International\/wp-json\/wp\/v2\/media?parent=69687"}],"wp:term":[{"taxonomy":"category","embeddable":true,"href":"https:\/\/linitiative.ca\/International\/wp-json\/wp\/v2\/categories?post=69687"},{"taxonomy":"post_tag","embeddable":true,"href":"https:\/\/linitiative.ca\/International\/wp-json\/wp\/v2\/tags?post=69687"}],"curies":[{"name":"wp","href":"https:\/\/api.w.org\/{rel}","templated":true}]}}