{"id":69689,"date":"2019-12-09T10:00:40","date_gmt":"2019-12-09T15:00:40","guid":{"rendered":"https:\/\/linitiative.ca\/International\/tetouan-amendis-lance-un-systeme-de-formation-en-alternance-au-profit-des-jeunes\/"},"modified":"2019-12-09T10:00:40","modified_gmt":"2019-12-09T15:00:40","slug":"tetouan-amendis-lance-un-systeme-de-formation-en-alternance-au-profit-des-jeunes","status":"publish","type":"post","link":"https:\/\/linitiative.ca\/International\/tetouan-amendis-lance-un-systeme-de-formation-en-alternance-au-profit-des-jeunes\/","title":{"rendered":"T\u00e9touan : Amendis lance un syst\u00e8me de formation en alternance au profit des jeunes"},"content":{"rendered":"<p><img decoding=\"async\" class=\"post_layout_5_img\" src=\"http:\/\/aujourdhui.ma\/wp-content\/uploads\/2019\/12\/Deux-jeunes-be%CC%81ne%CC%81ficiaires-de-ce-programme-de-formation-Tetouan-Amendis.jpg?x29840\" alt=\"T\u00e9touan : Amendis lance un syst\u00e8me de formation en alternance au profit des jeunes\"\/><\/p>\n<p class=\"p1\"><strong><span class=\"c4\">C\u2019\u00e9tait \u00e9galement l\u2019occasion pour c\u00e9l\u00e9brer l\u2019accr\u00e9ditation du Centre de formation\u00a0et des comp\u00e9tences par l\u2019Acad\u00e9mie de Paris<\/span><\/strong><span id=\"more-326082\"\/><\/p>\n<div class=\"base-box mom_box_sc_custom mom_box_sc clear c5\" readability=\"9\">\n<p class=\"p1\"><strong>Les \u00e9tudiants s\u00e9lectionn\u00e9s vont alterner entre des formations th\u00e9oriques et des travaux pratiques avec des \u00e9quipes de formateurs et de tuteurs qui ont pour mission de leur transmettre le savoir-faire au Centre de formation et des comp\u00e9tences \u00e0 T\u00e9touan.<\/strong><\/p>\n<\/div>\n<p class=\"p1\"><span class=\"s1\">Proposer une offre de formation en ad\u00e9quation avec les besoins et les sp\u00e9cificit\u00e9s des m\u00e9tiers d\u2019Amendis ainsi que ceux des r\u00e9gies et des collectivit\u00e9s locales. C\u2019est l\u2019un des principaux objectifs d\u2019un syst\u00e8me de formation en alternance d\u00e9di\u00e9 aux jeunes, dont la c\u00e9r\u00e9monie de lancement officiel s\u2019est d\u00e9roul\u00e9e, jeudi 5 d\u00e9cembre, par la filiale de Veolia Maroc \u00e0 T\u00e9touan. Etal\u00e9e sur deux ans (2019-2021), <em>\u00ables \u00e9tudiants s\u00e9lectionn\u00e9s vont alterner entre des formations th\u00e9oriques et des travaux pratiques avec des \u00e9quipes de formateurs et de tuteurs qui ont pour mission de leur transmettre le savoir-faire au Centre de formation et des comp\u00e9tences \u00e0 T\u00e9touan. Ce type de projet permet de contribuer au d\u00e9veloppement de la r\u00e9gion et de favoriser l\u2019employabilit\u00e9 de ses jeunes\u00bb<\/em>, a affirm\u00e9 le PDG de Veolia Maroc, Fran\u00e7ois De-Rochambeau, \u00e0 l\u2019issue du lancement officiel de cette formation.<\/span><\/p>\n<p class=\"p1\"><span class=\"s1\">L\u2019intervenant a poursuivi que Veolia a r\u00e9ussi, depuis plus 20 ans, \u00e0 cr\u00e9er des centres d\u2019apprentissage en alternance dans plusieurs pays pour y former les jeunes aux m\u00e9tiers de l\u2019environnement. En plus de T\u00e9touan, <em>\u00abnous allons \u00e9tendre des centres de formation en alternance dans d\u2019autres villes au Maroc, o\u00f9 nous sommes repr\u00e9sent\u00e9s\u00bb<\/em>, a fait part M. De-Rochambeau.<\/span><\/p>\n<p class=\"p1\"><span class=\"s1\">Cet \u00e9v\u00e9nement a \u00e9galement \u00e9t\u00e9 l\u2019occasion pour c\u00e9l\u00e9brer l\u2019accr\u00e9ditation du Centre de formation et des comp\u00e9tences d\u2019Amendis par l\u2019Acad\u00e9mie de Paris (connue par sa longue exp\u00e9rience dans la formation en alternance).<\/span><\/p>\n<p><a href=\"http:\/\/aujourdhui.ma\/wp-content\/uploads\/2019\/12\/Te%CC%81touan-Amendis-lance-un-syste%CC%80me-de-formation-en-alternance-au-profit-des-jeunes.jpg?x29840\"><img loading=\"lazy\" decoding=\"async\" class=\"size-full wp-image-326088 aligncenter\" src=\"http:\/\/aujourdhui.ma\/wp-content\/uploads\/2019\/12\/Te%CC%81touan-Amendis-lance-un-syste%CC%80me-de-formation-en-alternance-au-profit-des-jeunes.jpg?x29840\" alt=\"\" width=\"746\" height=\"380\" srcset=\"http:\/\/aujourdhui.ma\/wp-content\/uploads\/2019\/12\/Te\u0301touan-Amendis-lance-un-syste\u0300me-de-formation-en-alternance-au-profit-des-jeunes.jpg 746w, http:\/\/aujourdhui.ma\/wp-content\/uploads\/2019\/12\/Te\u0301touan-Amendis-lance-un-syste\u0300me-de-formation-en-alternance-au-profit-des-jeunes-300x153.jpg 300w\" sizes=\"auto, (max-width: 746px) 100vw, 746px\"\/><\/a><\/p>\n<p class=\"p1\"><span class=\"s1\">Son objectif est, selon les organisateurs, de le positionner comme un centre d\u2019excellence national dans les m\u00e9tiers de l\u2019eau, de l\u2019\u00e9lectricit\u00e9 et de l\u2019assainissement, tout en permettant d\u2019identifier des p\u00f4les de comp\u00e9tence en mati\u00e8re de formation professionnelle, de certification, d\u2019accompagnement, d\u2019information ou de services techniques au profit d\u2019Amendis et de ses partenaires. <em>\u00abNous sommes heureux de voir aboutir ce projet ambitieux de formation professionnelle initiale par alternance qui r\u00e9pond parfaitement aux besoins \u00e9conomiques, sociaux et environnementaux consid\u00e9r\u00e9s comme un tout indissociable. L\u2019implication de jeunes filles et de jeunes hommes dans ce projet de formation contribue \u00e0 en faire les acteurs \u00e0 fort potentiel d\u2019avenir\u00bb,<\/em> a soulign\u00e9 le chef de projet \u00e0 accr\u00e9ditation internationale, inspecteur d\u2019\u00e9ducation nationale et enseignant technique \u00e0 l\u2019Acad\u00e9mie de Paris, R\u00e9da Farah.<\/span><\/p>\n<p class=\"p1\"><span class=\"s1\">Notons que ce programme de formation en alternance a \u00e9t\u00e9 con\u00e7u avec le soutien des deux partenaires forts de leur exp\u00e9rience dans ce domaine, en l\u2019occurrence le Campus Veolia Seinte et Marne et l\u2019Acad\u00e9mie de Paris. La premi\u00e8re ann\u00e9e de cette formation permettra aux apprentis d\u2019acqu\u00e9rir des comp\u00e9tences transversales et de s\u2019initier aux m\u00e9tiers d\u2019Amendis. <em>\u00abCe sera aussi une opportunit\u00e9 pour eux de se familiariser avec l\u2019environnement professionnel via des stages d\u2019observation\u00bb,<\/em> selon l\u2019\u00e9quipe responsable de ce programme de formation en alternance.<\/span><\/p>\n<p class=\"p1\"><span class=\"s1\">Les b\u00e9n\u00e9ficiaires de ce projet vont pendant leur deuxi\u00e8me ann\u00e9e (de sp\u00e9cialisation) approfondir leurs comp\u00e9tences et leur savoir-faire, selon le r\u00e9f\u00e9rentiel \u00e9tabli par l\u2019Acad\u00e9mie de Paris en collaboration avec les comit\u00e9s m\u00e9tiers d\u2019Amendis. Ils doivent \u00e0 la fin de ce cycle de formation soutenir devant un jury pour obtenir leur dipl\u00f4me.<\/span><\/p>\n<p>Auteur: Najat Fa\u00efssal<br \/>\n<a href=\"http:\/\/aujourdhui.ma\/emploi\/formation\/tetouan-amendis-lance-un-systeme-de-formation-en-alternance-au-profit-des-jeunes\">Cliquez ici pour lire l&rsquo;article depuis sa source.<\/a><\/p>\n","protected":false},"excerpt":{"rendered":"<p>C\u2019\u00e9tait \u00e9galement l\u2019occasion pour c\u00e9l\u00e9brer l\u2019accr\u00e9ditation du Centre de formation\u00a0et des comp\u00e9tences par l\u2019Acad\u00e9mie de Paris Les \u00e9tudiants s\u00e9lectionn\u00e9s vont alterner entre des formations th\u00e9oriques et des travaux pratiques avec des \u00e9quipes de formateurs et de tuteurs qui ont pour mission de leur transmettre le savoir-faire au Centre de formation et des comp\u00e9tences \u00e0 T\u00e9touan. [&hellip;]<\/p>\n","protected":false},"author":1759,"featured_media":0,"comment_status":"closed","ping_status":"closed","sticky":false,"template":"","format":"standard","meta":{"fifu_image_url":"","fifu_image_alt":"","footnotes":""},"categories":[73,54],"tags":[],"class_list":["post-69689","post","type-post","status-publish","format-standard","hentry","category-actualite","category-maroc"],"_links":{"self":[{"href":"https:\/\/linitiative.ca\/International\/wp-json\/wp\/v2\/posts\/69689","targetHints":{"allow":["GET"]}}],"collection":[{"href":"https:\/\/linitiative.ca\/International\/wp-json\/wp\/v2\/posts"}],"about":[{"href":"https:\/\/linitiative.ca\/International\/wp-json\/wp\/v2\/types\/post"}],"author":[{"embeddable":true,"href":"https:\/\/linitiative.ca\/International\/wp-json\/wp\/v2\/users\/1759"}],"replies":[{"embeddable":true,"href":"https:\/\/linitiative.ca\/International\/wp-json\/wp\/v2\/comments?post=69689"}],"version-history":[{"count":0,"href":"https:\/\/linitiative.ca\/International\/wp-json\/wp\/v2\/posts\/69689\/revisions"}],"wp:attachment":[{"href":"https:\/\/linitiative.ca\/International\/wp-json\/wp\/v2\/media?parent=69689"}],"wp:term":[{"taxonomy":"category","embeddable":true,"href":"https:\/\/linitiative.ca\/International\/wp-json\/wp\/v2\/categories?post=69689"},{"taxonomy":"post_tag","embeddable":true,"href":"https:\/\/linitiative.ca\/International\/wp-json\/wp\/v2\/tags?post=69689"}],"curies":[{"name":"wp","href":"https:\/\/api.w.org\/{rel}","templated":true}]}}