{"id":69690,"date":"2019-12-09T10:55:34","date_gmt":"2019-12-09T15:55:34","guid":{"rendered":"https:\/\/linitiative.ca\/International\/marc-antoine-dhalluin-nouveau-pdg-du-groupe-mbc\/"},"modified":"2019-12-09T10:55:34","modified_gmt":"2019-12-09T15:55:34","slug":"marc-antoine-dhalluin-nouveau-pdg-du-groupe-mbc","status":"publish","type":"post","link":"https:\/\/linitiative.ca\/International\/marc-antoine-dhalluin-nouveau-pdg-du-groupe-mbc\/","title":{"rendered":"Marc Antoine d\u2019Halluin, nouveau PDG du Groupe MBC"},"content":{"rendered":"<header readability=\"1.30970149254\">\n<div class=\"entry-post-meta\" readability=\"6.42424242424\">\n<div class=\"author-link\">Publi\u00e9 par <a itemprop=\"author\" itemscope=\"\" itemtype=\"https:\/\/schema.org\/Person\" href=\"http:\/\/aujourdhui.ma\/author\/kaid\" rel=\"author\"><span itemprop=\"name\">ALM<\/span><\/a><\/div>\n<p>Date\u00a0:<time content=\"2019-12-09T16:55:34+00:00\" class=\"entry-date updated\" datetime=\"2019-12-09T16:55:34+00:00\">d\u00e9cembre 09, 2019<\/time><\/p>\n<div class=\"entry-cat\">dans:<a href=\"http:\/\/aujourdhui.ma\/category\/culture\" rel=\"category tag\">Culture<\/a>, <a href=\"http:\/\/aujourdhui.ma\/category\/une\" rel=\"category tag\">Une<\/a><\/div>\n<p>0 Vues<\/p>\n<\/div>\n<\/header>\n<div class=\"entry-content clearfix\" readability=\"41\"><img decoding=\"async\" class=\"post_layout_5_img\" src=\"http:\/\/aujourdhui.ma\/wp-content\/uploads\/2019\/12\/Marc-Antoine-d%E2%80%99Halluin-nouveau-PDG-du-Groupe-MBC.jpg?x29840\" alt=\"Marc Antoine d\u2019Halluin, nouveau PDG du Groupe MBC\"\/><\/p>\n<p><span class=\"c4\"><strong>Un nouveau PDG \u00e0 la t\u00eate du Groupe MBC. Marc Antoine d\u2019Halluin vient d\u2019\u00eatre nomm\u00e9 \u00e0 ce poste par Waleed Al Ibrahim, pr\u00e9sident du conseil d\u2019administration du Groupe.<\/strong><\/span><span id=\"more-326120\"\/><\/p>\n<p>M. Halluin entamera ses fonctions \u00e0 partir du 5 janvier prochain, succ\u00e8dant ainsi \u00e0 Sam Barnett ayant d\u00e9missionn\u00e9 au mois d\u2019octobre. Marc Antoine d\u2019Halluin est un dirigeant d\u2019entreprise dans le domaine des m\u00e9dias, avec une carri\u00e8re internationale dans l\u2019industrie t\u00e9l\u00e9visuelle et la production. Il est dipl\u00f4m\u00e9 de \u00abSciences Po\u00bb \u00e0 Paris et de \u00abHarvard Business School\u00bb aux \u00c9tats-Unis.<\/p>\n<\/div>\n<p>Auteur: ALM<br \/>\n<a href=\"http:\/\/aujourdhui.ma\/culture\/marc-antoine-dhalluin-nouveau-pdg-du-groupe-mbc\">Cliquez ici pour lire l&rsquo;article depuis sa source.<\/a><\/p>\n","protected":false},"excerpt":{"rendered":"<p>Publi\u00e9 par ALM Date\u00a0:d\u00e9cembre 09, 2019 dans:Culture, Une 0 Vues Un nouveau PDG \u00e0 la t\u00eate du Groupe MBC. Marc Antoine d\u2019Halluin vient d\u2019\u00eatre nomm\u00e9 \u00e0 ce poste par Waleed Al Ibrahim, pr\u00e9sident du conseil d\u2019administration du Groupe. M. Halluin entamera ses fonctions \u00e0 partir du 5 janvier prochain, succ\u00e8dant ainsi \u00e0 Sam Barnett ayant [&hellip;]<\/p>\n","protected":false},"author":1759,"featured_media":0,"comment_status":"closed","ping_status":"closed","sticky":false,"template":"","format":"standard","meta":{"fifu_image_url":"","fifu_image_alt":"","footnotes":""},"categories":[73,54],"tags":[],"class_list":["post-69690","post","type-post","status-publish","format-standard","hentry","category-actualite","category-maroc"],"_links":{"self":[{"href":"https:\/\/linitiative.ca\/International\/wp-json\/wp\/v2\/posts\/69690","targetHints":{"allow":["GET"]}}],"collection":[{"href":"https:\/\/linitiative.ca\/International\/wp-json\/wp\/v2\/posts"}],"about":[{"href":"https:\/\/linitiative.ca\/International\/wp-json\/wp\/v2\/types\/post"}],"author":[{"embeddable":true,"href":"https:\/\/linitiative.ca\/International\/wp-json\/wp\/v2\/users\/1759"}],"replies":[{"embeddable":true,"href":"https:\/\/linitiative.ca\/International\/wp-json\/wp\/v2\/comments?post=69690"}],"version-history":[{"count":0,"href":"https:\/\/linitiative.ca\/International\/wp-json\/wp\/v2\/posts\/69690\/revisions"}],"wp:attachment":[{"href":"https:\/\/linitiative.ca\/International\/wp-json\/wp\/v2\/media?parent=69690"}],"wp:term":[{"taxonomy":"category","embeddable":true,"href":"https:\/\/linitiative.ca\/International\/wp-json\/wp\/v2\/categories?post=69690"},{"taxonomy":"post_tag","embeddable":true,"href":"https:\/\/linitiative.ca\/International\/wp-json\/wp\/v2\/tags?post=69690"}],"curies":[{"name":"wp","href":"https:\/\/api.w.org\/{rel}","templated":true}]}}