{"id":69691,"date":"2019-12-09T06:18:43","date_gmt":"2019-12-09T11:18:43","guid":{"rendered":"https:\/\/linitiative.ca\/International\/pps-emouvante-ceremonie-commemorative-a-la-memoire-de-kacem-el-ghazoui\/"},"modified":"2019-12-09T06:18:43","modified_gmt":"2019-12-09T11:18:43","slug":"pps-emouvante-ceremonie-commemorative-a-la-memoire-de-kacem-el-ghazoui","status":"publish","type":"post","link":"https:\/\/linitiative.ca\/International\/pps-emouvante-ceremonie-commemorative-a-la-memoire-de-kacem-el-ghazoui\/","title":{"rendered":"PPS: Emouvante c\u00e9r\u00e9monie comm\u00e9morative \u00e0 la m\u00e9moire de Kacem El Ghazoui"},"content":{"rendered":"<p class=\"has-text-color has-vivid-cyan-blue-color c2\"><strong>Une \u00e9mouvante c\u00e9r\u00e9monie comm\u00e9morative \u00e0 la m\u00e9moire de feu Kacem El Ghazoui, d\u00e9c\u00e9d\u00e9 le 9 octobre dernier, des suites d\u2019une longue maladie, a eu lieu, samedi en fin d\u2019apr\u00e8s midi au si\u00e8ge national du Parti du progr\u00e8s et du socialisme \u00e0 Rabat, \u00e0 l\u2019initiative du Bureau politique du PPS. Une assistance nombreuse a pris part \u00e0 cette c\u00e9r\u00e9monie dont en premier lieu le pr\u00e9sident et les membres du Conseil de la pr\u00e9sidence du Parti, dont le d\u00e9funt \u00e9tait membre, du Secr\u00e9taire g\u00e9n\u00e9ral du parti et de membres du Bureau politique, des membres de sa famille, outre son \u00e9pouse, ses filles, son fils, ses neveux, ses proches et de nombreux amis de Had Kourt et de Sidi Kacem. Apr\u00e8s la lecture de versets coraniques, l\u2019assistance a suivi un documentaire comportant une s\u00e9rie de t\u00e9moignages, dont les auteurs reviennent sur la vie du d\u00e9funt en tant que militant de gauche, homme politique, \u00e9lu local et national et un combattant sur tous les fonts associatif, social et politique. Les habitants de sa r\u00e9gion se rappelleront de lui comme \u00e9tant l\u2019initiateur du festival de Had Kourt et le fondateur de Dar Al Fatate (maison de la fille) pour les extirper de l\u2019ignorance et de l\u2019analphab\u00e9tisme. Selon tous les t\u00e9moignages, feu Kacem El Ghazoui se distinguait par son s\u00e9rieux, son d\u00e9vouement et sa fid\u00e9lit\u00e9 \u00e0 ses principes et \u00e0 son id\u00e9al.<\/strong><\/p>\n<p class=\"has-text-color has-very-dark-gray-color\"><strong>Prenant la parole, l\u2019air tr\u00e8s \u00e9mu et touch\u00e9 d\u2019avoir perdu un camarade hors-pair mais \u00e9galement un ami, le Secr\u00e9taire g\u00e9n\u00e9ral du PPS, Mohamed Nabil Benabdallah, a rappel\u00e9 que feu Kacem El Ghazoui est rest\u00e9 fid\u00e8le \u00e0 lui-m\u00eame, \u00e0 son parti et \u00e0 ses principes jusqu\u2019\u00e0 la fin de sa vie.<\/strong><\/p>\n<p class=\"has-text-color has-vivid-red-color c3\"><strong>Benabdallah: \u00abFeu Kacem, un homme rest\u00e9 fid\u00e8le \u00e0 lui-m\u00eame et \u00e0 son parti\u00bb<\/strong><\/p>\n<div class=\"wp-block-image\"><img loading=\"lazy\" decoding=\"async\" src=\"http:\/\/albayane.press.ma\/wp-content\/uploads\/Nabil-Benabdallah-c%C3%A9r%C3%A9m-Ghazoui.jpg\" alt=\"\" class=\"wp-image-83473\" width=\"557\" height=\"330\"\/><\/div>\n<p>Il avait fait des pr\u00e9occupations des habitants de sa r\u00e9gion et des causes nationales, ses propres revendications pour lesquelles il lutta dans les rangs du parti et au sein de l\u2019\u00e9lite progressiste et de l\u2019intelligentsia avec lesquelles il \u00e9tait en contact permanent.<\/p>\n<p>Durant son parcours militant, il avait tout r\u00e9ussi au niveau social et politique, aid\u00e9 en cela par ses qualit\u00e9s exceptionnelles, sa fid\u00e9lit\u00e9 et son d\u00e9vouement \u00e0 sa petite et grande famille, \u00e0 son \u00e9pouse, sa compagne dans toutes les \u00e9preuves, ses deux filles, son fils, ses fr\u00e8res, ses amis intimes, et tous ces simples gens qu\u2019ils aimaient c\u00f4toyer.<\/p>\n<p>Partout o\u00f9 il s\u2019activait au parti, dans sa r\u00e9gion, \u00e0 Rabat o\u00f9 il s\u2019est \u00e9tabli, il ne d\u00e9tachait jamais de son courage, de son sourire, de sa fermet\u00e9, mais surtout de son attachement \u00e0 ses id\u00e9es progressistes, \u00e0 son id\u00e9al de libert\u00e9 et de d\u00e9livrance et aux nobles valeurs de la libert\u00e9, de l\u2019\u00e9galit\u00e9 et de la justice.<\/p>\n<p class=\"has-text-color has-vivid-red-color\"><strong>Un homme de terrain et de v\u00e9rit\u00e9<\/strong><\/p>\n<p>Au Bureau politique du PPS, au Comit\u00e9 central et dans toutes les instances du parti o\u00f9 il assumait pleinement ses responsabilit\u00e9s, l\u2019on se rappellera de lui comme un militant plein d\u2019\u00e9nergie, d\u2019initiatives et d\u2019id\u00e9es, mais surtout comme un homme de terrain et de v\u00e9rit\u00e9 qu\u2019il d\u00e9fend par tous les moyens possibles, a affirm\u00e9 le SG du PPS.<\/p>\n<p>Tout en s\u2019attachant \u00e0 ses id\u00e9es et positions, Feu Kacem El Ghazoui \u00e9tait l\u2019exemple de la tol\u00e9rance et du pardon, une double qualit\u00e9 tr\u00e8s rare, a-t-il ajout\u00e9.<\/p>\n<p>C\u2019\u00e9tait aussi un homme d\u2019\u00e9coute et d\u2019acceptation des id\u00e9es de l\u2019autre, qualit\u00e9s qui lui permettaient d\u2019\u00eatre \u00a0appr\u00e9ci\u00e9 au sein de la gauche marocaine et parmi les militants de plusieurs partis nationalistes, avec lesquels il entretenait des rapports de respect.<\/p>\n<p>C\u2019\u00e9tait un homme engag\u00e9 qui n\u2019avait jamais failli \u00e0 sa promesse au sein du parti. Et cela sans jamais faillir \u00e0 ses responsabilit\u00e9s familiales en tant que p\u00e8re respect\u00e9, \u00e9cout\u00e9 et \u00e9ducateur, a-t-il ajout\u00e9.<\/p>\n<p>En tant qu\u2019homme de bien, le d\u00e9funt avait m\u00eame soutenu les autres en puisant dans ses propres biens, un homme rest\u00e9 grand jusqu\u2019\u00e0 la fin de la sa vie, d\u00e9fiant la maladie et les difficult\u00e9s de la vie de tous les jours, a soulign\u00e9 le SG du PPS qui a fait le serment de continuer la lutte pour la r\u00e9alisation des id\u00e9aux de Kacem El Ghazoui et du projet soci\u00e9tal du PPS, pour lesquels il s\u2019est consacr\u00e9 jusqu\u2019\u00e0 la fin de sa vie.<\/p>\n<p class=\"has-text-color has-vivid-red-color c3\">***<\/p>\n<p class=\"has-text-color has-vivid-red-color c3\"><strong>Des t\u00e9moignages poignants<\/strong><\/p>\n<p class=\"has-text-color has-vivid-red-color c3\"><strong>Ahmed Herezenni: \u00abUn grand patriote d\u00e9fenseur des populations locales\u00bb<\/strong><\/p>\n<p>Prenant la parole pour rendre hommage au regrett\u00e9 d\u00e9funt, l\u2019ancien pr\u00e9sident du Conseil consultatif des droits de l\u2019homme, Ahmed Herzenni, a eu des mots tr\u00e8s justes sur feu Kacem El Ghazoui.<\/p>\n<p>Pour lui, il s\u2019agissait d\u2019un homme extraordinaire, rest\u00e9 fid\u00e8le et d\u00e9vou\u00e9 \u00e0 son parti, en d\u00e9pit d\u2019une multitude d\u2019offres all\u00e9chantes qui lui avaient \u00e9t\u00e9 faites \u00e0 un moment de grande difficult\u00e9.<\/p>\n<p>Selon lui, Feu El Ghazoui \u00e9tait rest\u00e9, malgr\u00e9 tout, imperturbable, attach\u00e9 \u00e0 ses principes et \u00e0 son parti, le Parti du progr\u00e8s et du socialisme.<\/p>\n<p>Mais c\u2019\u00e9tait surtout un homme qui aimait son pays, un grand patriote, qui n\u2019a cess\u00e9 durant toute sa vie de militer pour d\u00e9fendre les int\u00e9r\u00eats des populations locales, des paysans,\u00a0 des travailleurs agricoles et des couches d\u00e9sh\u00e9rit\u00e9es, soutenu en cela par son parti mais \u00e9galement par sa famille, ses proches et ses \u00e9lecteurs.<\/p>\n<p>Plusieurs autres t\u00e9moignages ont \u00e9t\u00e9 pr\u00e9sent\u00e9s au cours de cette c\u00e9r\u00e9monie comm\u00e9morative.<\/p>\n<p>C\u2019est ainsi que le parlementaire de Sidi Kacem Mustapha El Ghazoui, pr\u00e9sident de la fondation de Had Kourt pour le d\u00e9veloppement et la culture, a soulign\u00e9 les hautes qualit\u00e9s humaines et militantes du d\u00e9funt, son oncle, affirmant qu\u2019il ne m\u00e9nagera aucun effort pour honorer sa m\u00e9moire \u00e0 la t\u00eate de la fondation que le d\u00e9funt avait cr\u00e9\u00e9e.<\/p>\n<p>Plusieurs associations pr\u00e9sentes ont annonc\u00e9 \u00e0 cette occasion leur disposition \u00e0 soutenir la fondation Had Kourt. C\u2019est ainsi que la pr\u00e9sidente de l\u2019association \u00ab\u00a0les messagers.com\u00a0\u00bb, Asmaa Mouhib a fait savoir qu\u2019elle va cr\u00e9er un prix de distinction dot\u00e9 de 100.000,00 pour la meilleure fille de sa promotion parmi les pensionnaires de la fondation Had Kourt.<\/p>\n<p>Idem pour la pr\u00e9sidente de l\u2019Association culturelle d\u2019Oulm\u00e8s pour les jeunes filles, Dr.\u00a0 Hannou Allali, qui s\u2019est dite dispos\u00e9e \u00e0 renforcer ses relations avec l\u2019association Had Kourt.<\/p>\n<p>Au nom des pensionnaires de la fondation, une jeune fille a exprim\u00e9 ses remerciements et sa profonde gratitude au PPS pour avoir organis\u00e9 cette c\u00e9r\u00e9monie, \u00e0 feu Kacem El Ghazoui, \u00e0 qui revient le m\u00e9rite de les avoir aid\u00e9es \u00e0 \u00e9chapper \u00e0 l\u2019ignorance et \u00e0 la toute la famille El Ghazoui et au pr\u00e9sident actuel de l\u2019association.<\/p>\n<p>Prenant la parole au nom de l\u2019association d\u00e9mocratique des \u00e9lus progressistes, le pr\u00e9sident de la commune de Moulay Abdelkader a rendu un vibrant hommage \u00e0 feu Kacem El Ghazoui, le visionnaire, le politique et le combattant. C\u2019est gr\u00e2ce \u00e0 lui que la commune dispose actuellement de plusieurs r\u00e9alisations dont un centre culturel, le festival de Had Kourt, un silo de stockage des c\u00e9r\u00e9ales et d\u2019autres projets importants, a indiqu\u00e9 pour sa part Leila Z., une employ\u00e9e de la commune qui avait c\u00f4toy\u00e9 le d\u00e9funt, alors pr\u00e9sident.<\/p>\n<p>Pour sa part, Driss Touhami, un grand ami du d\u00e9funt et homme de litt\u00e9rature, s\u2019est longuement attard\u00e9 sur les qualit\u00e9s hors-pair de feu Kacem El Ghazoui, exprimant sa profonde gratitude au PPS pour avoir honor\u00e9 sa m\u00e9moire en organisant cette c\u00e9r\u00e9monie grandiose.<\/p>\n<p>Prenant la parole, les yeux en larmes, le fils du d\u00e9funt, Mohamed El Ghazoui a exprim\u00e9 sa fiert\u00e9 d\u2019avoir \u00e9t\u00e9 \u00e9lev\u00e9 par un p\u00e8re de cette trempe, un homme int\u00e8gre qui n\u2019a jamais failli \u00e0 ses devoirs de p\u00e8re et de militant, selon lui.<\/p>\n<p>Des pr\u00e9sents symboliques ont \u00e9t\u00e9 ensuite remis au fils et \u00e0 l\u2019\u00e9pouse de feu Kacem El Ghazoui, que Dieu l\u2019ait en sa sainte mis\u00e9ricorde.<\/p>\n<p>Auteur: M&rsquo;hammed rahal<br \/>\n<a href=\"http:\/\/albayane.press.ma\/pps-emouvante-ceremonie-commemorative-a-la-memoire-de-kacem-el-ghazoui.html\">Cliquez ici pour lire l&rsquo;article depuis sa source.<\/a><\/p>\n","protected":false},"excerpt":{"rendered":"<p>Une \u00e9mouvante c\u00e9r\u00e9monie comm\u00e9morative \u00e0 la m\u00e9moire de feu Kacem El Ghazoui, d\u00e9c\u00e9d\u00e9 le 9 octobre dernier, des suites d\u2019une longue maladie, a eu lieu, samedi en fin d\u2019apr\u00e8s midi au si\u00e8ge national du Parti du progr\u00e8s et du socialisme \u00e0 Rabat, \u00e0 l\u2019initiative du Bureau politique du PPS. Une assistance nombreuse a pris part [&hellip;]<\/p>\n","protected":false},"author":1760,"featured_media":69692,"comment_status":"closed","ping_status":"closed","sticky":false,"template":"","format":"standard","meta":{"fifu_image_url":"","fifu_image_alt":"","footnotes":""},"categories":[73,54],"tags":[],"class_list":["post-69691","post","type-post","status-publish","format-standard","has-post-thumbnail","hentry","category-actualite","category-maroc"],"_links":{"self":[{"href":"https:\/\/linitiative.ca\/International\/wp-json\/wp\/v2\/posts\/69691","targetHints":{"allow":["GET"]}}],"collection":[{"href":"https:\/\/linitiative.ca\/International\/wp-json\/wp\/v2\/posts"}],"about":[{"href":"https:\/\/linitiative.ca\/International\/wp-json\/wp\/v2\/types\/post"}],"author":[{"embeddable":true,"href":"https:\/\/linitiative.ca\/International\/wp-json\/wp\/v2\/users\/1760"}],"replies":[{"embeddable":true,"href":"https:\/\/linitiative.ca\/International\/wp-json\/wp\/v2\/comments?post=69691"}],"version-history":[{"count":0,"href":"https:\/\/linitiative.ca\/International\/wp-json\/wp\/v2\/posts\/69691\/revisions"}],"wp:featuredmedia":[{"embeddable":true,"href":"https:\/\/linitiative.ca\/International\/wp-json\/"}],"wp:attachment":[{"href":"https:\/\/linitiative.ca\/International\/wp-json\/wp\/v2\/media?parent=69691"}],"wp:term":[{"taxonomy":"category","embeddable":true,"href":"https:\/\/linitiative.ca\/International\/wp-json\/wp\/v2\/categories?post=69691"},{"taxonomy":"post_tag","embeddable":true,"href":"https:\/\/linitiative.ca\/International\/wp-json\/wp\/v2\/tags?post=69691"}],"curies":[{"name":"wp","href":"https:\/\/api.w.org\/{rel}","templated":true}]}}