{"id":69694,"date":"2019-12-09T06:59:24","date_gmt":"2019-12-09T11:59:24","guid":{"rendered":"https:\/\/linitiative.ca\/International\/69694-2\/"},"modified":"2019-12-09T06:59:24","modified_gmt":"2019-12-09T11:59:24","slug":"69694-2","status":"publish","type":"post","link":"https:\/\/linitiative.ca\/International\/69694-2\/","title":{"rendered":""},"content":{"rendered":"<p class=\"has-text-color has-vivid-cyan-blue-color\"><strong>Silence, on tourne \u00e0 Agadir! C\u2019est aujourd\u2019hui, lundi 8 d\u00e9cembre dans la soir\u00e9e que le rideau s\u2019ouvre et le tapis se d\u00e9roule vers la l\u00e9gendaire b\u00e2tisse Rialto pour accueillir, la 16<\/strong><sup><strong>e<\/strong><\/sup><strong>manche du festival international du Cin\u00e9ma et migrations de la ville d\u2019Agadir.<\/strong><\/p>\n<p>Tous les mordus du cin\u00e9ma du royaume et de nombre de contr\u00e9es du monde se donnent rendez-vous dans la capitale du Souss pour passer ensemble des jours de partage et d\u2019\u00e9changes autour de l\u2019une des th\u00e9matiques les plus en\u00a0 vogue de ces temps-ci, \u00e0 travers le monde que sont les migrations, sous toutes leur forme. C\u2019est aujourd\u2019hui que les projecteurs sont braqu\u00e9s sur les sommit\u00e9s du cin\u00e9ma du pays et d\u2019ailleurs, \u00e0 la rencontre de l\u2019image et les effets sonores o\u00f9 le g\u00e9nie de la femme et de l\u2019homme retient en haleine les visiteurs de toutes parts.<\/p>\n<p>Comme \u00e0 l\u2019accoutum\u00e9e, depuis seize ans, jour pour jour, cette activit\u00e9 artistique hors pair draine une pl\u00e9thore de penseurs, de critiques, de cin\u00e9astes, d\u2019intellectuels, traitant par le message et le verbe leurs soucis de soci\u00e9t\u00e9, entour\u00e9s par un public en liesse. Depuis d\u00e9j\u00e0 plus d\u2019une d\u00e9cennie demie, le festival cin\u00e9ma et migrations constituait, pour tous les adeptes du cin\u00e9ma, le refuge du grand salut et le substitut de l\u2019atroce frustration. Et pourtant, le cin\u00e9ma d\u2019Agadir dont la distinction f\u00e9conde et porteuse se fait ressentir de plus en plus davantage, puisqu\u2019elle s\u2019incruste dans le registre le plus \u00e9tendu de la plan\u00e8te, se veut un espace privil\u00e9gi\u00e9 de d\u00e9bat et de r\u00e9flexion judicieuse sur les soubassements du ph\u00e9nom\u00e8ne migratoire \u00e0 travers le globe, notamment li\u00e9 aux compatriotes install\u00e9s en Europe et partout ailleurs.<\/p>\n<p>La seizi\u00e8me manche du Festival Cin\u00e9ma et Migration illuminera les rampes du cin\u00e9ma Rialto. Une tradition qui continue \u00e0 briller de mille feux. En effet, comme d\u2019habitude, le festival d\u2019Agadir Cin\u00e9ma et Migrations conviera une multitude de grandes stars marocaines qui a imprim\u00e9, encore une fois, \u00e0 ce rassemblement, une note d\u2019all\u00e9gresse \u00a0et de liesse avec les fans qui ne cessent de c\u00f4toyer et choyer leurs idoles, en chair et en os. Il est bien clair que, au-del\u00e0 des programmes vari\u00e9s et attractifs que l\u2019association Al Mobadara, organisatrice de cet \u00e9v\u00e9nement annuel, a bien eu le soin de mettre sur pieds, le festival se distingue chaque ann\u00e9e par cette sorte d\u2019intimit\u00e9 \u00e9motionnelle qui unit les vedettes du cin\u00e9ma marocain et leurs fans.<\/p>\n<p>Cependant, apr\u00e8s la disparition des \u00a0cin\u00e9mas Salam et Sahara, c\u2019est le tour du cin\u00e9ma Rialto qui a ferm\u00e9 et ne s\u2019ouvre qu\u2019\u00e0 l\u2019occasion de cet \u00e9v\u00e9nement, il y a quelques temps. Des monuments culturels historiques qui ont fait vivre aux g\u00e9n\u00e9rations des moments path\u00e9tiques avec les g\u00e9ants du cin\u00e9ma mondial. Une m\u00e9tropole comme Agadir, second p\u00f4le \u00e9conomique, premi\u00e8re station baln\u00e9aire du royaume et d\u00e9positaire de Souss Al Alima, bastion de la science, de la cr\u00e9ation et de la connaissance, est donc priv\u00e9e de l\u2019une de ses assises d\u2019infrastructures de l\u2019art et de la culture les plus notoires.<\/p>\n<p>Cin\u00e9ma Rialto \u00e9tait non seulement un havre de projection cin\u00e9matographique, mais \u00e9galement un \u00e2tre soyeux de d\u00e9bats sereins des chefs d\u2019\u0153uvre lors des s\u00e9ances de cin\u00e9 clubs, de meetings politiques et de prestations th\u00e9\u00e2trale et musicale. Le festival d\u2019Agadir Cin\u00e9ma et Migrations, qui souffle aujourd\u2019hui, ses seize ann\u00e9es est, sans doute, attach\u00e9 \u00e0 ce patrimoine qui r\u00e9sonne encore sous la voix des ic\u00f4nes de l\u2019art, de la culture et de la politique. On peut toujours comprendre l\u2019\u00e9tat d\u00e9sastreux dans lequel se trouve une bonne partie de nos cin\u00e9mas, du fait, justement, que les gens n\u2019y vont plus et ont s\u00fbrement perdu cette fameuse maxime \u00abqui aime la vie, va au cin\u00e9ma\u00bb. Devant cet abandon, les propri\u00e9taires, vivotant, se trouvent dans l\u2019obligation de fermer boutique et d\u2019aller voir ailleurs, o\u00f9 le foncier devient all\u00e9chant et juteux.<\/p>\n<p>De m\u00eame, il faut bien dire que ces m\u00eames gens, contamin\u00e9s par les mutations profondes du commerce et l\u2019urbanisme, ne cherchent plus \u00e0 investir dans le cin\u00e9ma aussi al\u00e9atoire que vell\u00e9itaire, surtout qu\u2019ils ne d\u00e9ploient aucun effort pour restaurer et r\u00e9nover son local transform\u00e9 en taudis piteux. Cependant, il serait incivique de sacrifier un patrimoine culturel et soci\u00e9tal qui appartient, dor\u00e9navant, \u00e0 toute une conscience collective. C\u2019est le cas du cin\u00e9ma Salam qui git toujours tel un pachyderme \u00e9ventr\u00e9 et, maintenant, du cin\u00e9ma Rialto qui tire sa r\u00e9v\u00e9rence au grand dam des populations. Un d\u00e9bat profond auquel sont convi\u00e9s les institutionnels, les \u00e9lus, la soci\u00e9t\u00e9 civile, les professionnels\u2026pour sortir la ville du marasme de cette privation consternante.<\/p>\n<p class=\"c2\"><strong>Saoudi El Amalki<\/strong><\/p>\n<p>Auteur: M&rsquo;hammed rahal<br \/>\n<a href=\"http:\/\/albayane.press.ma\/83478.html\">Cliquez ici pour lire l&rsquo;article depuis sa source.<\/a><\/p>\n","protected":false},"excerpt":{"rendered":"<p>Silence, on tourne \u00e0 Agadir! C\u2019est aujourd\u2019hui, lundi 8 d\u00e9cembre dans la soir\u00e9e que le rideau s\u2019ouvre et le tapis se d\u00e9roule vers la l\u00e9gendaire b\u00e2tisse Rialto pour accueillir, la 16emanche du festival international du Cin\u00e9ma et migrations de la ville d\u2019Agadir. Tous les mordus du cin\u00e9ma du royaume et de nombre de contr\u00e9es du [&hellip;]<\/p>\n","protected":false},"author":1760,"featured_media":0,"comment_status":"closed","ping_status":"closed","sticky":false,"template":"","format":"standard","meta":{"fifu_image_url":"","fifu_image_alt":"","footnotes":""},"categories":[73,54],"tags":[],"class_list":["post-69694","post","type-post","status-publish","format-standard","hentry","category-actualite","category-maroc"],"_links":{"self":[{"href":"https:\/\/linitiative.ca\/International\/wp-json\/wp\/v2\/posts\/69694","targetHints":{"allow":["GET"]}}],"collection":[{"href":"https:\/\/linitiative.ca\/International\/wp-json\/wp\/v2\/posts"}],"about":[{"href":"https:\/\/linitiative.ca\/International\/wp-json\/wp\/v2\/types\/post"}],"author":[{"embeddable":true,"href":"https:\/\/linitiative.ca\/International\/wp-json\/wp\/v2\/users\/1760"}],"replies":[{"embeddable":true,"href":"https:\/\/linitiative.ca\/International\/wp-json\/wp\/v2\/comments?post=69694"}],"version-history":[{"count":0,"href":"https:\/\/linitiative.ca\/International\/wp-json\/wp\/v2\/posts\/69694\/revisions"}],"wp:attachment":[{"href":"https:\/\/linitiative.ca\/International\/wp-json\/wp\/v2\/media?parent=69694"}],"wp:term":[{"taxonomy":"category","embeddable":true,"href":"https:\/\/linitiative.ca\/International\/wp-json\/wp\/v2\/categories?post=69694"},{"taxonomy":"post_tag","embeddable":true,"href":"https:\/\/linitiative.ca\/International\/wp-json\/wp\/v2\/tags?post=69694"}],"curies":[{"name":"wp","href":"https:\/\/api.w.org\/{rel}","templated":true}]}}