{"id":69695,"date":"2019-12-09T07:07:07","date_gmt":"2019-12-09T12:07:07","guid":{"rendered":"https:\/\/linitiative.ca\/International\/kamal-hachkar-il-ny-a-pas-de-fatalite-a-la-grande-histoire\/"},"modified":"2019-12-09T07:07:07","modified_gmt":"2019-12-09T12:07:07","slug":"kamal-hachkar-il-ny-a-pas-de-fatalite-a-la-grande-histoire","status":"publish","type":"post","link":"https:\/\/linitiative.ca\/International\/kamal-hachkar-il-ny-a-pas-de-fatalite-a-la-grande-histoire\/","title":{"rendered":"Kamal Hachkar: Il n\u2019y a pas de fatalit\u00e9 \u00e0 la grande Histoire"},"content":{"rendered":"<p><strong>Propos recueillis par Mohamed Nait Youssef<\/strong><\/p>\n<p class=\"has-text-color has-vivid-cyan-blue-color\"><strong>\u00abDans tes yeux, je vois mon Pays\u00bb du r\u00e9alisateur Kamal Hachkar a \u00e9t\u00e9 projet\u00e9 au FIFM dans la cat\u00e9gorie \u00abPanorama marocain\u00bb. Le film est un bel hommage \u00e0 l\u2019h\u00e9ritage musical jud\u00e9o-marocain. Par ailleurs, c\u2019est \u00e0 travers les yeux des personnages notamment de la chanteuse Neta Elkayam, du musicien Amit Ha\u00ef Cohen, Ahmed Hachkar et Fanny Mergui que nous voyons cette diversit\u00e9 et communion qu\u2019avait marqu\u00e9 la terre marocaine pendant des si\u00e8cles.<\/strong><\/p>\n<p><strong>Al Bayane\u00a0: Apr\u00e8s \u00abTinghir-J\u00e9rusalem, Les \u00e9chos du Mellah\u00bb vous venez de r\u00e9aliser un nouveau documentaire intitul\u00e9 \u00abDans tes yeux, je vois mon Pays\u00bb. D\u2019o\u00f9 vient cette id\u00e9e de r\u00e9aliser un film sur des jeunes musiciens juifs originaires de Tinghir?<\/strong><\/p>\n<p><strong>Kamal Hachkar\u00a0:<\/strong> Le titre du documentaire est inspir\u00e9 de la chanson que Neta Elkayam chantait \u00e0 Tinghir en hommage \u00e0 sa grand-m\u00e8re qui partait en amazigh et en darija. Et quand elle vu sa grand-m\u00e8re, elle voyait le Maroc dans ses yeux. En effet, la premi\u00e8re fois que j\u2019ai rencontr\u00e9 Neta, la premi\u00e8re fois que je l\u2019ai \u00e9cout\u00e9 chanter, je voyais \u00a0le Maroc dans ses yeux. On est tout les deux originaires de Tinghir. Et ce titre r\u00e9sume toute notre relation. En outre, quand j\u2019ai termin\u00e9 \u00abTinghir-Jerusalem, Les \u00e9chos du Mellah\u00bb en 2012, je savais que je n\u2019avais pas encore termin\u00e9 le travail, et que je devais encore continuer afin de faire un deuxi\u00e8me opus. Au d\u00e9but, j\u2019ai voulu ramener les personnages du premier film.<\/p>\n<p><strong>O\u00f9 avez-vous rep\u00e9r\u00e9 la jeune chanteuse Neta?<\/strong><\/p>\n<p>La rencontre avec cette jeune chanteuse s\u2019est faite d\u2019abord sur les r\u00e9seaux sociaux. Entre temps, j\u2019avais une projection \u00e0 J\u00e9rusalem. C\u2019\u00e9tait mon destin. L\u2019id\u00e9e, c\u2019est de faire un film sur la jeune g\u00e9n\u00e9ration qui veut recr\u00e9er des liens avec la langue et la culture de leur origine. Dans le film, il y a l\u2019histoire des ann\u00e9es 60 et 50\u00a0 qui a s\u00e9par\u00e9 nos parents et grands-parents. Et le film est une mani\u00e8re de dire qu\u2019il n\u2019y a pas de fatalit\u00e9 \u00e0 la grande Histoire. Une fa\u00e7on de dire aussi qu\u2019on peut reconstruire quelque chose ensemble, reconstruire des ponts avec cette nouvelle g\u00e9n\u00e9ration \u00e0 travers la musique et \u00e0 travers la culture et l\u2019art. D\u2019o\u00f9 l\u2019id\u00e9e principale du film.<\/p>\n<p><strong>Le documentaire est un voyage musical qui a \u00e9t\u00e9 entam\u00e9 de J\u00e9rusalem en passant par Mogador, Tanger, Gibraltar, Casablanca, Tinghir puis Tizgui dont les jeunes musiciens Neta Elkayam et Amit Ha\u00ef Cohen sont all\u00e9s \u00e0 la qu\u00eate de leurs origines et racines. Est-il un hommage \u00e0 la musique jud\u00e9o-marocaine?<\/strong><\/p>\n<p>C\u2019est un hommage au patrimoine juif marocain, parce qu\u2019il y a plein de chansons de Zohra El\u00a0 Fassia, de Sami Maghrebi qui ont \u00e9t\u00e9 aussi reprises par des chanteurs musulmans. C\u2019est un patrimoine commun que les juifs et musulmans partagent ensemble. Evidement, cette qu\u00eate des racines est faite par la musique. Pour ces jeunes, la musique est un moyen de r\u00e9parer les blessures de l\u2019exil surtout, celles de leurs parents et grands-parents. C\u2019est une mani\u00e8re de \u00a0donner une voix \u00e0 des gens qui ont souffert. Des t\u00e9moignages qu\u2019on avait vu d\u00e9j\u00e0 dans Tinghir J\u00e9rusalem. Incontestablement, l\u2019exil est toujours difficile et compliqu\u00e9.<\/p>\n<p><strong>Peut-on dire que votre nouveau documentaire est une r\u00e9flexion sur les questions d\u2019identit\u00e9s et du d\u00e9racinement?<\/strong><\/p>\n<p>Effectivement, le documentaire est une r\u00e9flexion sur les identit\u00e9s. C\u2019est une r\u00e9flexion sur l\u2019entre deux, c\u2019est aussi une prolongation des interrogations du r\u00e9alisateur, de mes questionnements identitaires et existentiels. L\u2019id\u00e9e de road movie, c\u2019est comment on se r\u00e9approprie avec son territoire et montrer que le Maroc est p\u00e9n\u00e9tr\u00e9 par cette diversit\u00e9 culturelle pas uniquement \u00e0 Tinghir, mais aussi \u00e0 Essaouira ainsi que dans toutes les autres villes marocaines.<\/p>\n<p><strong>Certaines personnes vous collent\u00a0 souvent, depuis \u00abTinghir-J\u00e9rusalem, Les \u00e9chos du Mellah\u00bb d\u2019ailleurs, cette \u00e9tiquette de la normalisation. \u00c7a vous bloque un peu dans votre travail\u00a0? Avez-vous implicitement cette intention de le politiser?<\/strong><\/p>\n<p>Je crois que ces associations instrumentalisent des questions politiques tr\u00e8s graves pour se faire de la publicit\u00e9. Moi j\u2019ai rien demand\u00e9\u00a0! J\u2019ai fait mon travail\u2026 et \u00e7a m\u2019a pris 7ans. En fait, si je voulais faire le buzz, je ferai des films chaque trois mois. J\u2019ai une vision en tant qu\u2019 \u2019artiste qui est assez profonde, je travaille beaucoup en ce sens.<\/p>\n<p><strong>\u00c7a vous arrive parfois de quitter le milieu artistique \u00e0 cause de \u00e7a?<\/strong><\/p>\n<p>Oui\u00a0! Des fois, j\u2019avais envie d\u2019arr\u00eater parce que, c\u2019est tellement dur de faire des films au Maroc. C\u2019est dur de faire des films tout court. C\u2019est dur de trouver de l\u2019argent, et des fois, on fait face \u00e0 des moments de d\u00e9couragement.<\/p>\n<p><strong>Pourquoi vous recourez souvent au documentaire\u00a0? \u00a0Y aura-t-il des projets de fiction \u00e0 venir?<\/strong><\/p>\n<p>Dans l\u2019\u00e9criture du cin\u00e9ma, j\u2019aime bien travailler dans le r\u00e9el. En revanche, j\u2019ai un projet de fiction. En effet, mon prochain film sera un op\u00e9ra amazigh sous la forme d\u2019une trag\u00e9die grecque autour de la th\u00e9matique du \u00abdieu de la pluie\u00bb (Rbi Nounzar).<\/p>\n<p><strong>Vous \u00e9tiez derri\u00e8re la camera, mais\u00a0 \u00e0 la fin du votre nouveau documentaire, il y avait votre voix qui s\u2019adressait en h\u00e9breu \u00e0 Neta Elkayam. Quelle est la vis\u00e9e de ce message?<\/strong><\/p>\n<p>Je lui ai pos\u00e9 une question\u00a0: c\u2019est quoi ta maison dans cette vie, dans ce monde\u00a0? En fait, \u00a0moi je me suis toujours pos\u00e9 cette question universelle,\u00a0parce que \u00a0nous cherchons tous notre monde, et surtout sur quel territoire, pas forcement nationaliste o\u00f9 nous voulions nous\u00a0 y installer\u00a0? O\u00f9 nous nous sentons le mieux chez nous. Ce n\u2019est pas une question nationaliste\u00a0! C\u2019est pour cette raison \u00a0j\u2019ai conclu avec \u00e7a.<\/p>\n<p>Auteur: M&rsquo;hammed rahal<br \/>\n<a href=\"http:\/\/albayane.press.ma\/kamal-hachkar-il-ny-a-pas-de-fatalite-a-la-grande-histoire.html\">Cliquez ici pour lire l&rsquo;article depuis sa source.<\/a><\/p>\n","protected":false},"excerpt":{"rendered":"<p>Propos recueillis par Mohamed Nait Youssef \u00abDans tes yeux, je vois mon Pays\u00bb du r\u00e9alisateur Kamal Hachkar a \u00e9t\u00e9 projet\u00e9 au FIFM dans la cat\u00e9gorie \u00abPanorama marocain\u00bb. Le film est un bel hommage \u00e0 l\u2019h\u00e9ritage musical jud\u00e9o-marocain. Par ailleurs, c\u2019est \u00e0 travers les yeux des personnages notamment de la chanteuse Neta Elkayam, du musicien Amit [&hellip;]<\/p>\n","protected":false},"author":1760,"featured_media":0,"comment_status":"closed","ping_status":"closed","sticky":false,"template":"","format":"standard","meta":{"fifu_image_url":"","fifu_image_alt":"","footnotes":""},"categories":[73,54],"tags":[],"class_list":["post-69695","post","type-post","status-publish","format-standard","hentry","category-actualite","category-maroc"],"_links":{"self":[{"href":"https:\/\/linitiative.ca\/International\/wp-json\/wp\/v2\/posts\/69695","targetHints":{"allow":["GET"]}}],"collection":[{"href":"https:\/\/linitiative.ca\/International\/wp-json\/wp\/v2\/posts"}],"about":[{"href":"https:\/\/linitiative.ca\/International\/wp-json\/wp\/v2\/types\/post"}],"author":[{"embeddable":true,"href":"https:\/\/linitiative.ca\/International\/wp-json\/wp\/v2\/users\/1760"}],"replies":[{"embeddable":true,"href":"https:\/\/linitiative.ca\/International\/wp-json\/wp\/v2\/comments?post=69695"}],"version-history":[{"count":0,"href":"https:\/\/linitiative.ca\/International\/wp-json\/wp\/v2\/posts\/69695\/revisions"}],"wp:attachment":[{"href":"https:\/\/linitiative.ca\/International\/wp-json\/wp\/v2\/media?parent=69695"}],"wp:term":[{"taxonomy":"category","embeddable":true,"href":"https:\/\/linitiative.ca\/International\/wp-json\/wp\/v2\/categories?post=69695"},{"taxonomy":"post_tag","embeddable":true,"href":"https:\/\/linitiative.ca\/International\/wp-json\/wp\/v2\/tags?post=69695"}],"curies":[{"name":"wp","href":"https:\/\/api.w.org\/{rel}","templated":true}]}}