{"id":69697,"date":"2019-12-09T10:54:41","date_gmt":"2019-12-09T15:54:41","guid":{"rendered":"https:\/\/linitiative.ca\/International\/apres-six-jours-de-contestation-le-bloc-du-pdl-decide-de-lever-son-sit-in\/"},"modified":"2019-12-09T10:54:41","modified_gmt":"2019-12-09T15:54:41","slug":"apres-six-jours-de-contestation-le-bloc-du-pdl-decide-de-lever-son-sit-in","status":"publish","type":"post","link":"https:\/\/linitiative.ca\/International\/apres-six-jours-de-contestation-le-bloc-du-pdl-decide-de-lever-son-sit-in\/","title":{"rendered":"Apr\u00e8s six jours de contestation : Le bloc du PDL d\u00e9cide de lever son sit-in"},"content":{"rendered":"<p>La pr\u00e9sidente du bloc du Parti Destourien Libre (PDL), Abir Moussi, a annonc\u00e9 lundi lors d\u2019une conf\u00e9rence de presse tenue au Parlement la lev\u00e9e du sit-in, entam\u00e9 depuis le 3 d\u00e9cembre au palais du Bardo.<\/p>\n<p>Moussi a appel\u00e9 les d\u00e9put\u00e9s de son bloc \u00e0 rejoindre la salle des pl\u00e9ni\u00e8res et \u00e0 reprendre leur travail parlementaire.<\/p>\n<p>Le bureau de l\u2019ARP, avait d\u00e9nonc\u00e9, dans trois communiqu\u00e9s distincts publi\u00e9s \u00e0 l\u2019issue de sa r\u00e9union sur la page Facebook de l\u2019Assembl\u00e9e, \u00ab les propos injurieux \u00e0 l\u2019encontre du PDL au m\u00eame titre que ceux prof\u00e9r\u00e9s \u00e0 l\u2019encontre des d\u00e9put\u00e9s du mouvement Ennahdha \u00bb.<\/p>\n<p>Les d\u00e9put\u00e9s du PDL, dirig\u00e9 par Abir Moussi, ont entam\u00e9 depuis la nuit du 3 d\u00e9cembre, un sit-in ouvert dans la salle pl\u00e9ni\u00e8re du Parlement, pour exiger des excuses officielles du Mouvement Ennahdha, sur fond de d\u00e9claration de la d\u00e9put\u00e9e du mouvement, JamilaKsikssi, lors de la session pl\u00e9ni\u00e8re consacr\u00e9e \u00e0 l\u2019adoption de la loi de finances compl\u00e9mentaire de 2019, dans laquelle elle avait trait\u00e9 les d\u00e9put\u00e9s du Bloc du PDL de \u00ab bandits et de clochards \u00bb.<\/p>\n<p class=\"dpsp-share-text\">Partager c&rsquo;est aimer!<\/p>\n<div class=\"wp-post-author-wrap wp-post-author-shortcode left\">\n<h3 class=\"awpa-title\"\/>\n<div class=\"wp-post-author\">\n<div class=\"awpa-img awpa-author-block square\"><a href=\"http:\/\/lexpertjournal.net\/fr\/author\/expert\/\"><img loading=\"lazy\" decoding=\"async\" alt=\"\" src=\"http:\/\/0.gravatar.com\/avatar\/c828f0b17d24309f0d01a4eac3747085?s=150&#038;d=mm&#038;r=g\" srcset=\"http:\/\/0.gravatar.com\/avatar\/c828f0b17d24309f0d01a4eac3747085?s=300&#038;d=mm&#038;r=g 2x\" class=\"avatar avatar-150 photo\" height=\"150\" width=\"150\"\/><\/a><\/div>\n<\/div>\n<\/div>\n<p>Auteur: L&rsquo;expert<br \/>\n<a href=\"http:\/\/lexpertjournal.net\/fr\/2019\/12\/09\/apres-six-jours-de-contestation-le-bloc-du-pdl-decide-de-lever-son-sit-in\/\">Cliquez ici pour lire l&rsquo;article depuis sa source.<\/a><\/p>\n","protected":false},"excerpt":{"rendered":"<p>La pr\u00e9sidente du bloc du Parti Destourien Libre (PDL), Abir Moussi, a annonc\u00e9 lundi lors d\u2019une conf\u00e9rence de presse tenue au Parlement la lev\u00e9e du sit-in, entam\u00e9 depuis le 3 d\u00e9cembre au palais du Bardo. Moussi a appel\u00e9 les d\u00e9put\u00e9s de son bloc \u00e0 rejoindre la salle des pl\u00e9ni\u00e8res et \u00e0 reprendre leur travail parlementaire. [&hellip;]<\/p>\n","protected":false},"author":1775,"featured_media":0,"comment_status":"closed","ping_status":"closed","sticky":false,"template":"","format":"standard","meta":{"fifu_image_url":"","fifu_image_alt":"","footnotes":""},"categories":[78,55],"tags":[],"class_list":["post-69697","post","type-post","status-publish","format-standard","hentry","category-economie","category-tunisie"],"_links":{"self":[{"href":"https:\/\/linitiative.ca\/International\/wp-json\/wp\/v2\/posts\/69697","targetHints":{"allow":["GET"]}}],"collection":[{"href":"https:\/\/linitiative.ca\/International\/wp-json\/wp\/v2\/posts"}],"about":[{"href":"https:\/\/linitiative.ca\/International\/wp-json\/wp\/v2\/types\/post"}],"author":[{"embeddable":true,"href":"https:\/\/linitiative.ca\/International\/wp-json\/wp\/v2\/users\/1775"}],"replies":[{"embeddable":true,"href":"https:\/\/linitiative.ca\/International\/wp-json\/wp\/v2\/comments?post=69697"}],"version-history":[{"count":0,"href":"https:\/\/linitiative.ca\/International\/wp-json\/wp\/v2\/posts\/69697\/revisions"}],"wp:attachment":[{"href":"https:\/\/linitiative.ca\/International\/wp-json\/wp\/v2\/media?parent=69697"}],"wp:term":[{"taxonomy":"category","embeddable":true,"href":"https:\/\/linitiative.ca\/International\/wp-json\/wp\/v2\/categories?post=69697"},{"taxonomy":"post_tag","embeddable":true,"href":"https:\/\/linitiative.ca\/International\/wp-json\/wp\/v2\/tags?post=69697"}],"curies":[{"name":"wp","href":"https:\/\/api.w.org\/{rel}","templated":true}]}}