{"id":69698,"date":"2019-12-09T10:56:16","date_gmt":"2019-12-09T15:56:16","guid":{"rendered":"https:\/\/linitiative.ca\/International\/arp-demarrage-des-operations-de-vote-du-budget-de-letat-2020\/"},"modified":"2019-12-09T10:56:16","modified_gmt":"2019-12-09T15:56:16","slug":"arp-demarrage-des-operations-de-vote-du-budget-de-letat-2020","status":"publish","type":"post","link":"https:\/\/linitiative.ca\/International\/arp-demarrage-des-operations-de-vote-du-budget-de-letat-2020\/","title":{"rendered":"ARP:  D\u00e9marrage des op\u00e9rations de vote du budget de l\u2019Etat 2020"},"content":{"rendered":"<p>L\u2019Assembl\u00e9e des repr\u00e9sentants du peuple (ARP) a entam\u00e9, lundi matin, le vote des budgets des diff\u00e9rents minist\u00e8res pour l\u2019exercice 2020. L\u2019ordre du jour de la pl\u00e9ni\u00e8re comporte le vote des budgets de chaque minist\u00e8re conform\u00e9ment \u00e0 l\u2019article 48 de la loi organique.<\/p>\n<p>L\u2019ARP est tenue \u00e0 adopter les projets de budget de l\u2019\u00e9tat et de la loi de finances 2020 avant le 10 d\u00e9cembre 2019.<\/p>\n<p>L\u2019ARP a d\u00e9j\u00e0 adopt\u00e9 (jusqu\u2019\u00e0 10 heures du matin) les budgets du parlement, la pr\u00e9sidence de la R\u00e9publique, l\u2019int\u00e9rieur, la fonction publique, la modernisation de l\u2019administration, les politiques publiques, les affaires locales et de l\u2019environnement.<\/p>\n<p>Les d\u00e9put\u00e9s ont, \u00e9galement, adopt\u00e9 les budgets des minist\u00e8res de la justice, des affaires \u00e9trang\u00e8res, de la d\u00e9fense, des affaires religieuses, des domaines de l\u2019\u00e9tat et des affaires fonci\u00e8res, outre l\u2019industrie et des PME, l\u2019agriculture, les technologies de la communication et de l\u2019\u00e9conomie num\u00e9rique.<\/p>\n<p class=\"dpsp-share-text\">Partager c&rsquo;est aimer!<\/p>\n<div class=\"wp-post-author-wrap wp-post-author-shortcode left\">\n<h3 class=\"awpa-title\"\/>\n<div class=\"wp-post-author\">\n<div class=\"awpa-img awpa-author-block square\"><a href=\"http:\/\/lexpertjournal.net\/fr\/author\/expert\/\"><img loading=\"lazy\" decoding=\"async\" alt=\"\" src=\"http:\/\/0.gravatar.com\/avatar\/c828f0b17d24309f0d01a4eac3747085?s=150&#038;d=mm&#038;r=g\" srcset=\"http:\/\/0.gravatar.com\/avatar\/c828f0b17d24309f0d01a4eac3747085?s=300&#038;d=mm&#038;r=g 2x\" class=\"avatar avatar-150 photo\" height=\"150\" width=\"150\"\/><\/a><\/div>\n<\/div>\n<\/div>\n<p>Auteur: L&rsquo;expert<br \/>\n<a href=\"http:\/\/lexpertjournal.net\/fr\/2019\/12\/09\/arp-demarrage-des-operations-de-vote-du-budget-de-letat-2020\/\">Cliquez ici pour lire l&rsquo;article depuis sa source.<\/a><\/p>\n","protected":false},"excerpt":{"rendered":"<p>L\u2019Assembl\u00e9e des repr\u00e9sentants du peuple (ARP) a entam\u00e9, lundi matin, le vote des budgets des diff\u00e9rents minist\u00e8res pour l\u2019exercice 2020. L\u2019ordre du jour de la pl\u00e9ni\u00e8re comporte le vote des budgets de chaque minist\u00e8re conform\u00e9ment \u00e0 l\u2019article 48 de la loi organique. L\u2019ARP est tenue \u00e0 adopter les projets de budget de l\u2019\u00e9tat et de [&hellip;]<\/p>\n","protected":false},"author":1775,"featured_media":0,"comment_status":"closed","ping_status":"closed","sticky":false,"template":"","format":"standard","meta":{"fifu_image_url":"","fifu_image_alt":"","footnotes":""},"categories":[78,55],"tags":[],"class_list":["post-69698","post","type-post","status-publish","format-standard","hentry","category-economie","category-tunisie"],"_links":{"self":[{"href":"https:\/\/linitiative.ca\/International\/wp-json\/wp\/v2\/posts\/69698","targetHints":{"allow":["GET"]}}],"collection":[{"href":"https:\/\/linitiative.ca\/International\/wp-json\/wp\/v2\/posts"}],"about":[{"href":"https:\/\/linitiative.ca\/International\/wp-json\/wp\/v2\/types\/post"}],"author":[{"embeddable":true,"href":"https:\/\/linitiative.ca\/International\/wp-json\/wp\/v2\/users\/1775"}],"replies":[{"embeddable":true,"href":"https:\/\/linitiative.ca\/International\/wp-json\/wp\/v2\/comments?post=69698"}],"version-history":[{"count":0,"href":"https:\/\/linitiative.ca\/International\/wp-json\/wp\/v2\/posts\/69698\/revisions"}],"wp:attachment":[{"href":"https:\/\/linitiative.ca\/International\/wp-json\/wp\/v2\/media?parent=69698"}],"wp:term":[{"taxonomy":"category","embeddable":true,"href":"https:\/\/linitiative.ca\/International\/wp-json\/wp\/v2\/categories?post=69698"},{"taxonomy":"post_tag","embeddable":true,"href":"https:\/\/linitiative.ca\/International\/wp-json\/wp\/v2\/tags?post=69698"}],"curies":[{"name":"wp","href":"https:\/\/api.w.org\/{rel}","templated":true}]}}