{"id":69699,"date":"2019-12-09T10:58:50","date_gmt":"2019-12-09T15:58:50","guid":{"rendered":"https:\/\/linitiative.ca\/International\/nebildaghsen-presente-sangate-ebola\/"},"modified":"2019-12-09T10:58:50","modified_gmt":"2019-12-09T15:58:50","slug":"nebildaghsen-presente-sangate-ebola","status":"publish","type":"post","link":"https:\/\/linitiative.ca\/International\/nebildaghsen-presente-sangate-ebola\/","title":{"rendered":"NebilDaghsen pr\u00e9sente \u00ab Sangate Ebola \u00bb"},"content":{"rendered":"<p>La pi\u00e8ce \u00ab Sangate Ebola \u00bb de NebilDaghsen sera pr\u00e9sente aux JTC 2019 dans le cadre de la section \u00ab th\u00e9\u00e2tre de la Diaspora \u00bb avec une repr\u00e9sentation le jeudi 12 d\u00e9cembre 2019 au Mondial.<\/p>\n<p>NebilDaghsen, acteur, metteur en sc\u00e8ne et po\u00e8te franco-tunisien parle de son \u0153uvre : \u00bb J\u2019\u00e9cris des histoires, parfois je les joue aussi. Je vis entre Beyrouth, Tunis et Paris. La M\u00e9diterran\u00e9e est ma mer. Elle m\u2019a vu grandir \u00e0 Tunis pendant 10 ans. J\u2019y ai connu le bonheur de l\u2019enfance sans temps. Aujourd\u2019hui on estime \u00e0 50 000 le nombre de r\u00e9fugi\u00e9s qui ont p\u00e9ri en M\u00e9diterran\u00e9e depuis quinze ans. Mon envie de \u00ab Sangate Ebola \u00bb est n\u00e9e durant les mouvements citoyens qui nous ont vus soutenir les migrants \u00e0 Stalingrad (Paris) en 2017. Mon Histoire s\u2019en \u00e9mancipe afin de poser les questions de la construction\/destruction de l\u2019identit\u00e9 et de la complexit\u00e9 humaine dans ses rapports avec l\u2019autre.<\/p>\n<p>L\u2019\u00e9criture de \u00ab Sangate Ebola \u00bb trouve son origine dans l\u2019incarnation des mythes. Sangate, d\u00e9esse de l\u2019hospitalit\u00e9 serait incarn\u00e9e par \u00ab une petite employ\u00e9e \u00bb de magasin, en attendant de rencontrer Ebola, all\u00e9gorie d\u2019une mort omnipr\u00e9sente. Dans cette histoire, Daghsen parle d\u2019un magasin de sport type DECATHLON ; d\u2019un bidonville en 2050 ; de la reine Elisabeth ; de Carnaval ; de v\u00eatements de sport connect\u00e9s et de publicit\u00e9 pour des bou\u00e9es JUMPER. De voyages, de drones, et de migrations humaines, tout cela avec des sacs en plastiques type TATI.<\/p>\n<p>\u00ab Ce texte th\u00e9\u00e2tral est, pour moi, l\u2019occasion d\u2019interroger les probl\u00e9matiques li\u00e9es aux migrations \u00e0 l\u2019aune d\u2019une soci\u00e9t\u00e9 o\u00f9 les fronti\u00e8res sont d\u00e9sormais g\u00e9r\u00e9es par des intelligences artificielles. Dans un monde toujours plus interconnect\u00e9 et mondialis\u00e9, quels sens conf\u00e9rer aux murs et autres limites territoriales? La gestion technocratique des flux humains ne dissimulera jamais les r\u00e9cits de vie singuliers des hommes et femmes qui prennent la route \u00bb.<\/p>\n<p>Dans cette nouvelle cr\u00e9ation, il explore les formes d\u2019expression artistique et linguistique des migrations contemporaines : exode, exil, errance, nomadisme. Afin de d\u00e9crire les pertes, les blessures et les risques qu\u2019impliquent ces migrations, mais aussi les nouveaux horizons qu\u2019elles ouvrent. \u00ab Sangate Ebola s\u2019inscrit dans les id\u00e9es d\u2019Edouard Glissant qui consid\u00e8re l\u2019errance comme une forme de r\u00e9sistance \u00e0 une vision statique. Il est dans la continuit\u00e9 des spectacles de la compagnie \u00ab Ma Qu\u00eate \u00bb: \u00bb Kamikaze \u00bb et \u00bb Pr\u00e9nom masque \u00ab .<\/p>\n<p>Dans Sangate Ebola, il y a ceux qui migrent et ceux qui regardent passer ces \u00ab oiseaux \u00bb, ceux qui les aident et essaient de les comprendre, ceux qui n\u2019y arrivent pas. Ni th\u00e9\u00e2tre militant, ni discours moralisateur, il a souhait\u00e9 mettre en sc\u00e8ne et esquisser des destins humains pav\u00e9s de contradictions, assumant la complexit\u00e9, sous la surveillance continue des drones. La cr\u00e9ation est centr\u00e9e sur le jeu des acteurs et la mobilisation de l\u2019imaginaire autour du HORS-CHAMPS. Il s\u2019agit de pointer la communaut\u00e9 des probl\u00e9matiques li\u00e9es \u00e0 l\u2019exil, en utilisant diff\u00e9rents langages artistiques; Th\u00e9\u00e2tre, slam, danse qui sont mis \u00e0 contribution, afin de signifier l\u2019infinie qu\u00eate des origines entreprise par les personnages.<\/p>\n<p>N\u00e9 en 1980 \u00e0 Paris, NebilDaghsen fut form\u00e9 en tant qu\u2019acteur par Fran\u00e7ois Lamotte, Marc Adjadj, YoshiOida, Omar Porras ou encore Arnaud Decarsin, et CedricKlapish et jean Baptiste Andrea et Olivier Magaton.<\/p>\n<p>Il d\u00e9couvre le th\u00e9\u00e2tre \u00e0 travers l\u2019univers de l\u2019improvisation sous l\u2019impulsion de Fran\u00e7ois Ch\u00e2teau, pratiquant des matchs, des championnats et un cabaret d\u2019improvisation \u00e0 Bastille (Paris), qu\u2019il int\u00e8gre \u00e0 partir de 2004 et qui se nomme les Zind\u00e9pendants. Il suit la formation au m\u00e9tier d\u2019acteur du th\u00e9\u00e2tre \u00bb Magasin \u00bb \u00e0 Malakoff entre 2005 et 2006.<\/p>\n<p>Po\u00e8te et musicien, il est \u00e0 l\u2019origine du groupe K\u00eblem, form\u00e9 en 2006 et dont l\u2019album Jasmin rouge est sorti en 2012 au moyen orient et Afrique du Nord. Il cr\u00e9e \u00e9galement \u00ab Ma Qu\u00eate \u00bb qui a pour but de rendre accessible \u00e0 tous \u00bb les cultures \u00bb et ce qu\u2019elles portent comme esp\u00e9rance pour imaginer demain. N\u00e9e en 1999, cette compagnie travaille en France comme \u00e0 l\u2019\u00e9tranger (Liban, Maroc, Tunisie, B\u00e9nin, Belgique). Plateforme artistique, elle conjugue cr\u00e9ation et m\u00e9diation culturelle.NebilDaghsen est \u00e0 l\u2019origine des deux premiers spectacles de Slam\/Th\u00e9\u00e2tre en France en 1999 et 2000, \u00ab Les gens et moi \u00bb mis en sc\u00e8ne par G\u00e9rard Mendy dans lequel joue NebilDaghsen et \u00ab L\u2019\u00e2me orale de l\u2019histoire \u00bb dont ce dernier est l\u2019auteur et metteur en sc\u00e8ne.<\/p>\n<p>NebilDaghsen est aussi l\u2019initiateur de la ligue de l\u2019improvisation th\u00e9\u00e2trale (LIPA) qui assure les battles d\u2019improvisation tous les jours \u00e0 16h \u00e0 l\u2019avenue Habib Bouguiba. Un rendez-vous journalier qui vise \u00e0 donner un avant-go\u00fbt d\u2019un projet encore plus ambitieux, celui de cr\u00e9er un championnat tunisien national d\u2019improvisation th\u00e9\u00e2trale d\u00e8s 2020 qui regroupera les \u00e9quipes des grandes villes du pays<\/p>\n<p>Tous les jours, \u00e0 16h au centre-ville de Tunis, et tout au long des JTC 2019, les membres de la LIPA \u00ab Ligue d\u2019improvisation professionnelle arabe \u00bb offriront le meilleur d\u2019eux-m\u00eames et apporteront aux journ\u00e9es th\u00e9\u00e2trales de Carthage \u00e9nergie, cr\u00e9ativit\u00e9 et dynamisme.<\/p>\n<p>9 spectacles d\u2019improvisations et 17 performances seront jou\u00e9s sur toute la dur\u00e9e du festival sur la grande sc\u00e8ne de l\u2019avenue Habib Bourguiba et devant de nombreux th\u00e9\u00e2tres. Ces performances de 60 min prennent la forme de Match ou \u00bb Battle \u00bb et seront soutenues avec des live sur les r\u00e9seaux sociaux.<\/p>\n<p>C\u2019est une premi\u00e8re dans un pays arabe \u00e0 la mani\u00e8re d\u2019un championnat de football. Les improvisateurs de Tunis jouant contre ceux du Kef ou encore Gabes affrontant ceux de Bizerte etc! Deux \u00e9quipes, un arbitre et c\u2019est le public apr\u00e8s chaque Improvisation qui donne le point \u00e0 la meilleure \u00e9quipe. Un projet qui fera r\u00eaver plus d\u2019un et qui a pour but de rendre le th\u00e9\u00e2tre populaire \u00e0 la port\u00e9e de tous.<\/p>\n<p class=\"dpsp-share-text\">Partager c&rsquo;est aimer!<\/p>\n<div class=\"wp-post-author-wrap wp-post-author-shortcode left\">\n<h3 class=\"awpa-title\"\/>\n<div class=\"wp-post-author\">\n<div class=\"awpa-img awpa-author-block square\"><a href=\"http:\/\/lexpertjournal.net\/fr\/author\/expert\/\"><img loading=\"lazy\" decoding=\"async\" alt=\"\" src=\"http:\/\/0.gravatar.com\/avatar\/c828f0b17d24309f0d01a4eac3747085?s=150&#038;d=mm&#038;r=g\" srcset=\"http:\/\/0.gravatar.com\/avatar\/c828f0b17d24309f0d01a4eac3747085?s=300&#038;d=mm&#038;r=g 2x\" class=\"avatar avatar-150 photo\" height=\"150\" width=\"150\"\/><\/a><\/div>\n<\/div>\n<\/div>\n<p>Auteur: L&rsquo;expert<br \/>\n<a href=\"http:\/\/lexpertjournal.net\/fr\/2019\/12\/09\/nebildaghsen-presente-sangate-ebola\/\">Cliquez ici pour lire l&rsquo;article depuis sa source.<\/a><\/p>\n","protected":false},"excerpt":{"rendered":"<p>La pi\u00e8ce \u00ab Sangate Ebola \u00bb de NebilDaghsen sera pr\u00e9sente aux JTC 2019 dans le cadre de la section \u00ab th\u00e9\u00e2tre de la Diaspora \u00bb avec une repr\u00e9sentation le jeudi 12 d\u00e9cembre 2019 au Mondial. NebilDaghsen, acteur, metteur en sc\u00e8ne et po\u00e8te franco-tunisien parle de son \u0153uvre : \u00bb J\u2019\u00e9cris des histoires, parfois je les [&hellip;]<\/p>\n","protected":false},"author":1775,"featured_media":0,"comment_status":"closed","ping_status":"closed","sticky":false,"template":"","format":"standard","meta":{"fifu_image_url":"","fifu_image_alt":"","footnotes":""},"categories":[78,55],"tags":[],"class_list":["post-69699","post","type-post","status-publish","format-standard","hentry","category-economie","category-tunisie"],"_links":{"self":[{"href":"https:\/\/linitiative.ca\/International\/wp-json\/wp\/v2\/posts\/69699","targetHints":{"allow":["GET"]}}],"collection":[{"href":"https:\/\/linitiative.ca\/International\/wp-json\/wp\/v2\/posts"}],"about":[{"href":"https:\/\/linitiative.ca\/International\/wp-json\/wp\/v2\/types\/post"}],"author":[{"embeddable":true,"href":"https:\/\/linitiative.ca\/International\/wp-json\/wp\/v2\/users\/1775"}],"replies":[{"embeddable":true,"href":"https:\/\/linitiative.ca\/International\/wp-json\/wp\/v2\/comments?post=69699"}],"version-history":[{"count":0,"href":"https:\/\/linitiative.ca\/International\/wp-json\/wp\/v2\/posts\/69699\/revisions"}],"wp:attachment":[{"href":"https:\/\/linitiative.ca\/International\/wp-json\/wp\/v2\/media?parent=69699"}],"wp:term":[{"taxonomy":"category","embeddable":true,"href":"https:\/\/linitiative.ca\/International\/wp-json\/wp\/v2\/categories?post=69699"},{"taxonomy":"post_tag","embeddable":true,"href":"https:\/\/linitiative.ca\/International\/wp-json\/wp\/v2\/tags?post=69699"}],"curies":[{"name":"wp","href":"https:\/\/api.w.org\/{rel}","templated":true}]}}