{"id":69700,"date":"2019-12-09T11:00:55","date_gmt":"2019-12-09T16:00:55","guid":{"rendered":"https:\/\/linitiative.ca\/International\/le-froid-sinstalle-chutes-de-grele-et-foudre-sur-le-nord\/"},"modified":"2019-12-09T11:00:55","modified_gmt":"2019-12-09T16:00:55","slug":"le-froid-sinstalle-chutes-de-grele-et-foudre-sur-le-nord","status":"publish","type":"post","link":"https:\/\/linitiative.ca\/International\/le-froid-sinstalle-chutes-de-grele-et-foudre-sur-le-nord\/","title":{"rendered":"Le froid s\u2019installe : Chutes de gr\u00eale et foudre sur le Nord"},"content":{"rendered":"<p>Temps parfois nuageux avec pluies isol\u00e9es sur le Nord, et les r\u00e9gions c\u00f4ti\u00e8res Est, les pluies seront temporairement orageuses, la nuit, sur le Nord avec chutes de gr\u00eale et des coups de foudre localis\u00e9s.<\/p>\n<p>Vent de secteur Nord fort de 50 \u00e0 70 km\/h pr\u00e8s des c\u00f4tes, sur les hauteurs et sur le Sud avec ph\u00e9nom\u00e8nes locaux de sable et mod\u00e9r\u00e9 \u00e0 assez fort de 20 \u00e0 40 km\/h ailleurs. La mer sera forte \u00e0 tr\u00e8s forte sur le nord.<\/p>\n<p>Temp\u00e9ratures maximales seront comprises entre 14 et 18 degr\u00e9s dans le Nord et le Centre, de l\u2019ordre de 12 degr\u00e9s dans les hauteurs Ouest et entre 18 et 23 degr\u00e9s dans le Sud.<\/p>\n<p><strong>Pr\u00e9visions pour Mardi 10 D\u00e9cembre 2019<\/strong><\/p>\n<p>Temps parfois nuageux avec pluies temporairement orageuses sur le Nord et localement le centre et seront parfois intenses sur l\u2019extr\u00eame Nord.<\/p>\n<p>Vent de secteur Nord fort \u00e0 tr\u00e8s fort de 60 \u00e0 80 km\/h pr\u00e8s des c\u00f4tes et sur les hauteurs, d\u00e9passant localement 100 km\/h en rafales et mod\u00e9r\u00e9 \u00e0 assez fort de 30 \u00e0 50 km\/h ailleurs. La mer sera tr\u00e8s forte sur le nord, les temp\u00e9ratures en baisse et les maximales seront comprises entre 11 et 16 degr\u00e9s dans le Nord et le Centre, ne d\u00e9passant pas 07 degr\u00e9s dans les hauteurs ouest et entre 14 et 18 degr\u00e9s dans le Sud.<\/p>\n<p class=\"dpsp-share-text\">Partager c&rsquo;est aimer!<\/p>\n<div class=\"wp-post-author-wrap wp-post-author-shortcode left\">\n<h3 class=\"awpa-title\"\/>\n<div class=\"wp-post-author\">\n<div class=\"awpa-img awpa-author-block square\"><a href=\"http:\/\/lexpertjournal.net\/fr\/author\/expert\/\"><img loading=\"lazy\" decoding=\"async\" alt=\"\" src=\"http:\/\/0.gravatar.com\/avatar\/c828f0b17d24309f0d01a4eac3747085?s=150&#038;d=mm&#038;r=g\" srcset=\"http:\/\/0.gravatar.com\/avatar\/c828f0b17d24309f0d01a4eac3747085?s=300&#038;d=mm&#038;r=g 2x\" class=\"avatar avatar-150 photo\" height=\"150\" width=\"150\"\/><\/a><\/div>\n<\/div>\n<\/div>\n<p>Auteur: L&rsquo;expert<br \/>\n<a href=\"http:\/\/lexpertjournal.net\/fr\/2019\/12\/09\/le-froid-sinstalle-chutes-de-grele-et-foudre-sur-le-nord\/\">Cliquez ici pour lire l&rsquo;article depuis sa source.<\/a><\/p>\n","protected":false},"excerpt":{"rendered":"<p>Temps parfois nuageux avec pluies isol\u00e9es sur le Nord, et les r\u00e9gions c\u00f4ti\u00e8res Est, les pluies seront temporairement orageuses, la nuit, sur le Nord avec chutes de gr\u00eale et des coups de foudre localis\u00e9s. Vent de secteur Nord fort de 50 \u00e0 70 km\/h pr\u00e8s des c\u00f4tes, sur les hauteurs et sur le Sud avec [&hellip;]<\/p>\n","protected":false},"author":1775,"featured_media":0,"comment_status":"closed","ping_status":"closed","sticky":false,"template":"","format":"standard","meta":{"fifu_image_url":"","fifu_image_alt":"","footnotes":""},"categories":[78,55],"tags":[],"class_list":["post-69700","post","type-post","status-publish","format-standard","hentry","category-economie","category-tunisie"],"_links":{"self":[{"href":"https:\/\/linitiative.ca\/International\/wp-json\/wp\/v2\/posts\/69700","targetHints":{"allow":["GET"]}}],"collection":[{"href":"https:\/\/linitiative.ca\/International\/wp-json\/wp\/v2\/posts"}],"about":[{"href":"https:\/\/linitiative.ca\/International\/wp-json\/wp\/v2\/types\/post"}],"author":[{"embeddable":true,"href":"https:\/\/linitiative.ca\/International\/wp-json\/wp\/v2\/users\/1775"}],"replies":[{"embeddable":true,"href":"https:\/\/linitiative.ca\/International\/wp-json\/wp\/v2\/comments?post=69700"}],"version-history":[{"count":0,"href":"https:\/\/linitiative.ca\/International\/wp-json\/wp\/v2\/posts\/69700\/revisions"}],"wp:attachment":[{"href":"https:\/\/linitiative.ca\/International\/wp-json\/wp\/v2\/media?parent=69700"}],"wp:term":[{"taxonomy":"category","embeddable":true,"href":"https:\/\/linitiative.ca\/International\/wp-json\/wp\/v2\/categories?post=69700"},{"taxonomy":"post_tag","embeddable":true,"href":"https:\/\/linitiative.ca\/International\/wp-json\/wp\/v2\/tags?post=69700"}],"curies":[{"name":"wp","href":"https:\/\/api.w.org\/{rel}","templated":true}]}}