{"id":69702,"date":"2019-12-09T13:00:18","date_gmt":"2019-12-09T18:00:18","guid":{"rendered":"https:\/\/linitiative.ca\/International\/khatini-une-nouvelle-oeuvre-du-theatre-regional-de-mostaganem\/"},"modified":"2019-12-09T13:00:18","modified_gmt":"2019-12-09T18:00:18","slug":"khatini-une-nouvelle-oeuvre-du-theatre-regional-de-mostaganem","status":"publish","type":"post","link":"https:\/\/linitiative.ca\/International\/khatini-une-nouvelle-oeuvre-du-theatre-regional-de-mostaganem\/","title":{"rendered":"Khatini, une nouvelle \u0153uvre du th\u00e9\u00e2tre r\u00e9gional de Mostaganem"},"content":{"rendered":"<div readability=\"36\">\n<p><strong>MOSTAGANEM &#8211; Le th\u00e9\u00e2tre r\u00e9gional \u00ab\u00a0Djillali Benabdelhalim\u00a0\u00bb de Mostaganem a produit une nouvelle \u0153uvre intitul\u00e9e \u00ab\u00a0Khatini\u00a0\u00bb, \u00e9crite et mise en sc\u00e8ne par Ahmed Rezzak, a-t-on appris dimanche de la directrice de cet \u00e9tablissement culturel.<\/strong><\/p>\n<\/div>\n<div readability=\"65\">\n<p>La sc\u00e8ne de cette pi\u00e8ce, dont la g\u00e9n\u00e9rale a \u00e9t\u00e9 pr\u00e9sent\u00e9e samedi et dimanche, aborde un pays confront\u00e9 \u00e0 la vieillesse de la population et \u00e0 la d\u00e9sertion massive\u00a0 des jeunes, avec comme trame de fond l&rsquo;histoire de \u00ab\u00a0Khatini\u00a0\u00bb, dernier jeune \u00e0\u00a0 y rester, entred\u00e9chir\u00e9 entre le d\u00e9sir d&rsquo;\u00e9migrer et l&rsquo;amour de la patrie.<\/p>\n<p>De nombreux tragi-com\u00e9diens de diff\u00e9rentes wilayas prennent part \u00e0 cette \u0153uvre dont Bouhadjar Boutchiche, Samira Sahraoui, Houria Bahloul, endebaba Fouad, Korichi Sabrina, Shahrazed Khalifa et Yasmina et Bachir Boudjemaa.<\/p>\n<p>Le r\u00e9alisateur Ahmed Rezzak laisse au public le jugement de cette \u0153uvre o\u00f9 l\u2019\u00e9quipe de production excelle pour l\u2019attirer \u00e0 travers l&rsquo;interpr\u00e9tation, l\u2019\u00e9clairage, le d\u00e9cor, la musique et les chansons interpr\u00e9t\u00e9s sur sc\u00e8ne.<\/p>\n<p>Par ailleurs, le th\u00e9\u00e2tre r\u00e9gional \u00ab\u00a0Djillali Benabdelhalim\u00a0\u00bb de Mostaganem est en phase de production d&rsquo;une \u0153uvre destin\u00e9e au jeune public diff\u00e9rente de \u00ab\u00a0Houria\u00a0\u00bb (2017) et \u00ab\u00a0Nour\u00a0\u00bb (2018), s&rsquo;appuyant sur la chor\u00e9graphie, et une autre pi\u00e8ce pour adultes en coop\u00e9ration avec l\u2019association \u00ab\u00a0Mustapha Kateb\u00a0\u00bb (commune de Stidia), a-t-on fait savoir.<\/p>\n<\/div>\n<p>Auteur:<br \/>\n<a href=\"http:\/\/www.aps.dz\/culture\/98665-khatini-une-nouvelle-oeuvre-du-theatre-regional-de-mostaganem\">Cliquez ici pour lire l&rsquo;article depuis sa source.<\/a><\/p>\n","protected":false},"excerpt":{"rendered":"<p>MOSTAGANEM &#8211; Le th\u00e9\u00e2tre r\u00e9gional \u00ab\u00a0Djillali Benabdelhalim\u00a0\u00bb de Mostaganem a produit une nouvelle \u0153uvre intitul\u00e9e \u00ab\u00a0Khatini\u00a0\u00bb, \u00e9crite et mise en sc\u00e8ne par Ahmed Rezzak, a-t-on appris dimanche de la directrice de cet \u00e9tablissement culturel. La sc\u00e8ne de cette pi\u00e8ce, dont la g\u00e9n\u00e9rale a \u00e9t\u00e9 pr\u00e9sent\u00e9e samedi et dimanche, aborde un pays confront\u00e9 \u00e0 la vieillesse [&hellip;]<\/p>\n","protected":false},"author":1790,"featured_media":0,"comment_status":"closed","ping_status":"closed","sticky":false,"template":"","format":"standard","meta":{"fifu_image_url":"","fifu_image_alt":"","footnotes":""},"categories":[53,79],"tags":[],"class_list":["post-69702","post","type-post","status-publish","format-standard","hentry","category-algerie","category-culture"],"_links":{"self":[{"href":"https:\/\/linitiative.ca\/International\/wp-json\/wp\/v2\/posts\/69702","targetHints":{"allow":["GET"]}}],"collection":[{"href":"https:\/\/linitiative.ca\/International\/wp-json\/wp\/v2\/posts"}],"about":[{"href":"https:\/\/linitiative.ca\/International\/wp-json\/wp\/v2\/types\/post"}],"author":[{"embeddable":true,"href":"https:\/\/linitiative.ca\/International\/wp-json\/wp\/v2\/users\/1790"}],"replies":[{"embeddable":true,"href":"https:\/\/linitiative.ca\/International\/wp-json\/wp\/v2\/comments?post=69702"}],"version-history":[{"count":0,"href":"https:\/\/linitiative.ca\/International\/wp-json\/wp\/v2\/posts\/69702\/revisions"}],"wp:attachment":[{"href":"https:\/\/linitiative.ca\/International\/wp-json\/wp\/v2\/media?parent=69702"}],"wp:term":[{"taxonomy":"category","embeddable":true,"href":"https:\/\/linitiative.ca\/International\/wp-json\/wp\/v2\/categories?post=69702"},{"taxonomy":"post_tag","embeddable":true,"href":"https:\/\/linitiative.ca\/International\/wp-json\/wp\/v2\/tags?post=69702"}],"curies":[{"name":"wp","href":"https:\/\/api.w.org\/{rel}","templated":true}]}}