{"id":69710,"date":"2019-12-09T04:32:10","date_gmt":"2019-12-09T09:32:10","guid":{"rendered":"https:\/\/linitiative.ca\/International\/11e-journee-de-la-botola-pro-d2-le-kacm-sincline-face-a-lass\/"},"modified":"2019-12-09T04:32:10","modified_gmt":"2019-12-09T09:32:10","slug":"11e-journee-de-la-botola-pro-d2-le-kacm-sincline-face-a-lass","status":"publish","type":"post","link":"https:\/\/linitiative.ca\/International\/11e-journee-de-la-botola-pro-d2-le-kacm-sincline-face-a-lass\/","title":{"rendered":"11\u00e8 journ\u00e9e de la Botola Pro D2: Le KACM s\u2019incline face \u00e0 l\u2019ASS"},"content":{"rendered":"<div class=\"single-featured\"><img alt=\"\" data-src=\"http:\/\/www.mapmarrakech.ma\/map\/uploads\/2019\/12\/kacmmatch1.jpg\"\/><\/div>\n<div class=\"single-post-excerpt post-excerpt-bc\" readability=\"37\">\n<p>Marrakech \u2013 Le Kawkab de Marrakech (KACM), section de football s\u2019est inclin\u00e9 dimanche, \u00e0 domicile, face \u00e0 l\u2019Association sportive de Sal\u00e9 (ASS) sur le score d\u2019un but \u00e0 z\u00e9ro (0-1) pour le compte de la 11\u00e8 journ\u00e9e de la Botola Pro D2.<\/p>\n<\/div>\n<div class=\"entry-content clearfix single-post-content\" readability=\"40\">\n<p>L\u2019unique r\u00e9alisation de l\u2019ASS a \u00e9t\u00e9 l\u2019\u0153uvre de Hassan Rari \u00e0 la 20\u00e8 minute.<\/p>\n<p>C\u2019est la quatri\u00e8me d\u00e9faite du KACM dans la Botola Pro D2 alors que l\u2019ASS signe sa deuxi\u00e8me victoire de cette saison.<\/p>\n<p>Le KACM est class\u00e9 13\u00e8 de la Botola Pro D2 (2 victoires, 05 nuls et 04 d\u00e9faites). L\u2019ASS pointe \u00e0 la 11\u00e8 place (2 victoires, 07 nuls et 02 d\u00e9faites).<\/p>\n<\/div>\n<p>Auteur: Meriem IGASS<br \/>\n<a href=\"http:\/\/www.mapmarrakech.ma\/fr\/11e-journee-de-la-botola-pro-d2-le-kacm-sincline-face-a-lass\/\">Cliquez ici pour lire l&rsquo;article depuis sa source.<\/a><\/p>\n","protected":false},"excerpt":{"rendered":"<p>Marrakech \u2013 Le Kawkab de Marrakech (KACM), section de football s\u2019est inclin\u00e9 dimanche, \u00e0 domicile, face \u00e0 l\u2019Association sportive de Sal\u00e9 (ASS) sur le score d\u2019un but \u00e0 z\u00e9ro (0-1) pour le compte de la 11\u00e8 journ\u00e9e de la Botola Pro D2. L\u2019unique r\u00e9alisation de l\u2019ASS a \u00e9t\u00e9 l\u2019\u0153uvre de Hassan Rari \u00e0 la 20\u00e8 [&hellip;]<\/p>\n","protected":false},"author":1788,"featured_media":69711,"comment_status":"closed","ping_status":"closed","sticky":false,"template":"","format":"standard","meta":{"fifu_image_url":"","fifu_image_alt":"","footnotes":""},"categories":[54,76],"tags":[],"class_list":["post-69710","post","type-post","status-publish","format-standard","has-post-thumbnail","hentry","category-maroc","category-regions"],"_links":{"self":[{"href":"https:\/\/linitiative.ca\/International\/wp-json\/wp\/v2\/posts\/69710","targetHints":{"allow":["GET"]}}],"collection":[{"href":"https:\/\/linitiative.ca\/International\/wp-json\/wp\/v2\/posts"}],"about":[{"href":"https:\/\/linitiative.ca\/International\/wp-json\/wp\/v2\/types\/post"}],"author":[{"embeddable":true,"href":"https:\/\/linitiative.ca\/International\/wp-json\/wp\/v2\/users\/1788"}],"replies":[{"embeddable":true,"href":"https:\/\/linitiative.ca\/International\/wp-json\/wp\/v2\/comments?post=69710"}],"version-history":[{"count":0,"href":"https:\/\/linitiative.ca\/International\/wp-json\/wp\/v2\/posts\/69710\/revisions"}],"wp:featuredmedia":[{"embeddable":true,"href":"https:\/\/linitiative.ca\/International\/wp-json\/"}],"wp:attachment":[{"href":"https:\/\/linitiative.ca\/International\/wp-json\/wp\/v2\/media?parent=69710"}],"wp:term":[{"taxonomy":"category","embeddable":true,"href":"https:\/\/linitiative.ca\/International\/wp-json\/wp\/v2\/categories?post=69710"},{"taxonomy":"post_tag","embeddable":true,"href":"https:\/\/linitiative.ca\/International\/wp-json\/wp\/v2\/tags?post=69710"}],"curies":[{"name":"wp","href":"https:\/\/api.w.org\/{rel}","templated":true}]}}