{"id":69712,"date":"2019-12-09T08:13:10","date_gmt":"2019-12-09T13:13:10","guid":{"rendered":"https:\/\/linitiative.ca\/International\/campagne-de-correction-visuelle-au-profit-de-plusieurs-eleves\/"},"modified":"2019-12-09T08:13:10","modified_gmt":"2019-12-09T13:13:10","slug":"campagne-de-correction-visuelle-au-profit-de-plusieurs-eleves","status":"publish","type":"post","link":"https:\/\/linitiative.ca\/International\/campagne-de-correction-visuelle-au-profit-de-plusieurs-eleves\/","title":{"rendered":"Campagne de correction visuelle au profit de plusieurs \u00e9l\u00e8ves"},"content":{"rendered":"<div class=\"single-featured\"><img alt=\"\" data-src=\"http:\/\/www.mapmarrakech.ma\/map\/uploads\/2019\/12\/El-Youssoufia.jpg\"\/><\/div>\n<div class=\"single-post-excerpt post-excerpt-bc\" readability=\"34\">\n<p>El Youssoufia \u2013 Le Comit\u00e9 provincial du d\u00e9veloppement humain (CPDH) d\u2019El Youssoufia organise une campagne de correction visuelle au profit des \u00e9l\u00e8ves des \u00e9tablissements scolaires de la province.<\/p>\n<\/div>\n<div class=\"entry-content clearfix single-post-content\" readability=\"60\">\n<p>Cette campagne s\u2019inscrit dans le cadre de la nouvelle philosophie de l\u2019Initiative nationale pour le d\u00e9veloppement humain (INDH) notamment le volet relatif \u00e0 \u00ab\u00a0l\u2019impulsion du Capital Humain chez les g\u00e9n\u00e9rations montantes \u00e0 travers le d\u00e9veloppement de la petite enfance et la promotion de la r\u00e9ussite scolaire\u00a0\u00bb, indique un communiqu\u00e9 de la province d\u2019El Youssoufia.<\/p>\n<p>Dans ce cadre, le gouverneur de la province d\u2019El Youssoufia, Mohamed Salem Essabti, a pr\u00e9sid\u00e9 vendredi, l\u2019op\u00e9ration de remise de lunettes de correction \u00e0 quelque 188 \u00e9l\u00e8ves de l\u2019enseignement fondamental relevant du Groupe scolaire Mihatte (commune Jnane Bouih).<\/p>\n<p>Pour rappel cette campagne ciblera dans sa premi\u00e8re phase, quelque 212 \u00e9tablissements scolaires de l\u2019enseignement fondamental.<\/p>\n<p>La mise en \u0153uvre de cette campagne d\u00e9butera dans trois communes territoriales relevant de la province \u00e0 savoir Jdour (24 b\u00e9n\u00e9ficiaires), Jnane Bouih (188 b\u00e9n\u00e9ficiaires) et Sidi Chiker (127 b\u00e9n\u00e9ficiaires), soit 339 b\u00e9n\u00e9ficiaires au total.<\/p>\n<p>Les cas n\u00e9cessitant des interventions urgentes seront pris en charge dans le cadre de l\u2019INDH en collaboration avec ses partenaires, pr\u00e9cise-t-on de m\u00eame source.<\/p>\n<p>La campagne se poursuivra durant le mois de d\u00e9cembre 2019 et janvier 2020.<\/p>\n<\/div>\n<p>Auteur: Meriem IGASS<br \/>\n<a href=\"http:\/\/www.mapmarrakech.ma\/fr\/campagne-2\/\">Cliquez ici pour lire l&rsquo;article depuis sa source.<\/a><\/p>\n","protected":false},"excerpt":{"rendered":"<p>El Youssoufia \u2013 Le Comit\u00e9 provincial du d\u00e9veloppement humain (CPDH) d\u2019El Youssoufia organise une campagne de correction visuelle au profit des \u00e9l\u00e8ves des \u00e9tablissements scolaires de la province. Cette campagne s\u2019inscrit dans le cadre de la nouvelle philosophie de l\u2019Initiative nationale pour le d\u00e9veloppement humain (INDH) notamment le volet relatif \u00e0 \u00ab\u00a0l\u2019impulsion du Capital Humain [&hellip;]<\/p>\n","protected":false},"author":1788,"featured_media":69713,"comment_status":"closed","ping_status":"closed","sticky":false,"template":"","format":"standard","meta":{"fifu_image_url":"","fifu_image_alt":"","footnotes":""},"categories":[54,76],"tags":[],"class_list":["post-69712","post","type-post","status-publish","format-standard","has-post-thumbnail","hentry","category-maroc","category-regions"],"_links":{"self":[{"href":"https:\/\/linitiative.ca\/International\/wp-json\/wp\/v2\/posts\/69712","targetHints":{"allow":["GET"]}}],"collection":[{"href":"https:\/\/linitiative.ca\/International\/wp-json\/wp\/v2\/posts"}],"about":[{"href":"https:\/\/linitiative.ca\/International\/wp-json\/wp\/v2\/types\/post"}],"author":[{"embeddable":true,"href":"https:\/\/linitiative.ca\/International\/wp-json\/wp\/v2\/users\/1788"}],"replies":[{"embeddable":true,"href":"https:\/\/linitiative.ca\/International\/wp-json\/wp\/v2\/comments?post=69712"}],"version-history":[{"count":0,"href":"https:\/\/linitiative.ca\/International\/wp-json\/wp\/v2\/posts\/69712\/revisions"}],"wp:featuredmedia":[{"embeddable":true,"href":"https:\/\/linitiative.ca\/International\/wp-json\/"}],"wp:attachment":[{"href":"https:\/\/linitiative.ca\/International\/wp-json\/wp\/v2\/media?parent=69712"}],"wp:term":[{"taxonomy":"category","embeddable":true,"href":"https:\/\/linitiative.ca\/International\/wp-json\/wp\/v2\/categories?post=69712"},{"taxonomy":"post_tag","embeddable":true,"href":"https:\/\/linitiative.ca\/International\/wp-json\/wp\/v2\/tags?post=69712"}],"curies":[{"name":"wp","href":"https:\/\/api.w.org\/{rel}","templated":true}]}}