{"id":69714,"date":"2019-12-09T09:44:44","date_gmt":"2019-12-09T14:44:44","guid":{"rendered":"https:\/\/linitiative.ca\/International\/un-musee-prive-de-musique-voit-le-jour-a-marrakech\/"},"modified":"2019-12-09T09:44:44","modified_gmt":"2019-12-09T14:44:44","slug":"un-musee-prive-de-musique-voit-le-jour-a-marrakech","status":"publish","type":"post","link":"https:\/\/linitiative.ca\/International\/un-musee-prive-de-musique-voit-le-jour-a-marrakech\/","title":{"rendered":"Un mus\u00e9e priv\u00e9 de musique voit le jour \u00e0 Marrakech"},"content":{"rendered":"<div readability=\"36\">\n<p>Marrakech \u2013 L\u2019infrastructure culturelle de la Cit\u00e9 ocre vient d\u2019\u00eatre renforc\u00e9e, avec l\u2019inauguration dimanche, d\u2019un mus\u00e9e priv\u00e9 de la musique en pr\u00e9sence d\u2019une pl\u00e9iade d\u2019artistes et d\u2019intellectuels.<\/p>\n<\/div>\n<div readability=\"92\">\n<p>Situ\u00e9e au c\u0153ur de la m\u00e9dina de Marrakech, dans le Mus\u00e9e Mouassine, cette structure culturelle, dont la c\u00e9r\u00e9monie d\u2019inauguration a \u00e9t\u00e9 pr\u00e9sid\u00e9e par le Wali de la r\u00e9gion Marrakech-Safi, gouverneur de la pr\u00e9fecture de Marrakech, Karim Kassi-Lahlou, vient mettre en avant le multiculturalisme musical qui caract\u00e9rise le Royaume, dont la culture artistique s\u2019est nourrie \u00e0 travers son histoire de multiples traditions musicales (musique amazighe, h\u00e9ritage andalou, la musique gnawa entre autres).<\/p>\n<p>Depuis trois ans, le mus\u00e9e Mouassine organise des soir\u00e9es de musique traditionnelle qui ont un grand succ\u00e8s. La cr\u00e9ation de ce mus\u00e9e de musique vient r\u00e9pondre \u00e0 une demande profonde des publics et accentuer la vocation musicale de Marrakech.<\/p>\n<p>Au-del\u00e0 de l\u2019exposition permanente, le Mus\u00e9e de la Musique souhaite devenir un des porte-voix de la diversit\u00e9 musicale et de la cr\u00e9ation au Maroc.<\/p>\n<p>Le mus\u00e9e a aussi pour vocation la constitution d\u2019une archive et d\u2019une banque d\u2019informations sur la musique au Maroc.<\/p>\n<p>Le Mus\u00e9e de la musique est install\u00e9 dans le quartier sa\u00e2dien construit aux 16\u00e8 et 17\u00e8 si\u00e8cles. L\u2019appartement de r\u00e9ception du mus\u00e9e est un joyau de l\u2019architecture arabo-andalouse \u00e0 Marrakech. Plusieurs salles de la maison sont affect\u00e9es aux expositions temporaires et permanentes.<\/p>\n<p>La diversit\u00e9 des traditions musicales au Maroc est expos\u00e9e dans plusieurs salles : la musique amazighe, la tradition juive, la daqqa marrakchia, la musique gnawa, la musique arabo-andalouse, et les enregistrements de Adolfo Reinholter.<\/p>\n<p>V\u00e9ritable exp\u00e9rience musicale et visuelle, le Mus\u00e9e de la Musique pr\u00e9sente des instruments, des photographies et des vid\u00e9os. Le parcours d\u00e9ploie pour le visiteur des cl\u00e9s d\u2019acc\u00e8s \u00e0 la compr\u00e9hension de la musique marocaine. Un m\u00e9diateur propose aux visiteurs l\u2019accompagnement de l\u2019exposition.<\/p>\n<p>Les expositions temporaires soulignent des th\u00e8mes particuliers, des personnalit\u00e9s ou des styles musicaux non abord\u00e9s dans l\u2019exposition permanente.<\/p>\n<p>Ces expositions sont l\u2019occasion d\u2019enrichir le fonds du Mus\u00e9e de la Musique et une ouverture permanente vers le public sp\u00e9cifiquement marrakchi.<\/p>\n<p>Des rendez-vous sont r\u00e9guli\u00e8rement propos\u00e9s aux visiteurs. Des soir\u00e9es de musique sont organis\u00e9es trois fois par semaine (les lundi, mercredi et vendredi). L\u2019information sur la sc\u00e8ne musicale de Marrakech est \u00e0 la disposition des visiteurs.<\/p>\n<p>Le catalogue de l\u2019exposition retrace \u00e0 travers des documents iconographiques in\u00e9dits l\u2019histoire du multiculturalisme particuli\u00e8rement fertile de la Musique au Maroc. Le mus\u00e9e publie \u00e9galement des livrets et catalogues th\u00e9matiques.<\/p>\n<\/div>\n<p>Auteur: Meriem IGASS<br \/>\n<a href=\"http:\/\/www.mapmarrakech.ma\/fr\/musee-3\/\">Cliquez ici pour lire l&rsquo;article depuis sa source.<\/a><\/p>\n","protected":false},"excerpt":{"rendered":"<p>Marrakech \u2013 L\u2019infrastructure culturelle de la Cit\u00e9 ocre vient d\u2019\u00eatre renforc\u00e9e, avec l\u2019inauguration dimanche, d\u2019un mus\u00e9e priv\u00e9 de la musique en pr\u00e9sence d\u2019une pl\u00e9iade d\u2019artistes et d\u2019intellectuels. Situ\u00e9e au c\u0153ur de la m\u00e9dina de Marrakech, dans le Mus\u00e9e Mouassine, cette structure culturelle, dont la c\u00e9r\u00e9monie d\u2019inauguration a \u00e9t\u00e9 pr\u00e9sid\u00e9e par le Wali de la r\u00e9gion [&hellip;]<\/p>\n","protected":false},"author":1788,"featured_media":0,"comment_status":"closed","ping_status":"closed","sticky":false,"template":"","format":"standard","meta":{"fifu_image_url":"","fifu_image_alt":"","footnotes":""},"categories":[54,76],"tags":[],"class_list":["post-69714","post","type-post","status-publish","format-standard","hentry","category-maroc","category-regions"],"_links":{"self":[{"href":"https:\/\/linitiative.ca\/International\/wp-json\/wp\/v2\/posts\/69714","targetHints":{"allow":["GET"]}}],"collection":[{"href":"https:\/\/linitiative.ca\/International\/wp-json\/wp\/v2\/posts"}],"about":[{"href":"https:\/\/linitiative.ca\/International\/wp-json\/wp\/v2\/types\/post"}],"author":[{"embeddable":true,"href":"https:\/\/linitiative.ca\/International\/wp-json\/wp\/v2\/users\/1788"}],"replies":[{"embeddable":true,"href":"https:\/\/linitiative.ca\/International\/wp-json\/wp\/v2\/comments?post=69714"}],"version-history":[{"count":0,"href":"https:\/\/linitiative.ca\/International\/wp-json\/wp\/v2\/posts\/69714\/revisions"}],"wp:attachment":[{"href":"https:\/\/linitiative.ca\/International\/wp-json\/wp\/v2\/media?parent=69714"}],"wp:term":[{"taxonomy":"category","embeddable":true,"href":"https:\/\/linitiative.ca\/International\/wp-json\/wp\/v2\/categories?post=69714"},{"taxonomy":"post_tag","embeddable":true,"href":"https:\/\/linitiative.ca\/International\/wp-json\/wp\/v2\/tags?post=69714"}],"curies":[{"name":"wp","href":"https:\/\/api.w.org\/{rel}","templated":true}]}}