{"id":69715,"date":"2019-12-09T05:14:08","date_gmt":"2019-12-09T10:14:08","guid":{"rendered":"https:\/\/linitiative.ca\/International\/ghardaia-letude-damenagement-de-la-wilaya-del-menea-presentee-aux-autorites-locales\/"},"modified":"2019-12-09T05:14:08","modified_gmt":"2019-12-09T10:14:08","slug":"ghardaia-letude-damenagement-de-la-wilaya-del-menea-presentee-aux-autorites-locales","status":"publish","type":"post","link":"https:\/\/linitiative.ca\/International\/ghardaia-letude-damenagement-de-la-wilaya-del-menea-presentee-aux-autorites-locales\/","title":{"rendered":"Gharda\u00efa: l\u2019\u00e9tude d\u2019am\u00e9nagement de la wilaya d\u2019El-Menea pr\u00e9sent\u00e9e aux autorit\u00e9s locales"},"content":{"rendered":"<div readability=\"36\">\n<p><strong>GHARDAIA- L\u2019\u00e9tat d\u2019avancement et les grandes lignes de l\u2019\u00e9tude d&rsquo;am\u00e9nagement et de d\u00e9veloppement de la wilaya d\u00e9l\u00e9gu\u00e9e El-Menea\u00a0 ont \u00e9t\u00e9 pr\u00e9sent\u00e9es lors d&rsquo;une rencontre des responsables de l\u2019ex\u00e9cutif de\u00a0la wilaya, a indiqu\u00e9 lundi \u00e0 l\u2019APS le secr\u00e9taire g\u00e9n\u00e9ral de la wilaya de Ghardaia.<\/strong><\/p>\n<\/div>\n<div readability=\"104.5\">\n<p>Initi\u00e9e par le minist\u00e8re de l\u2019Int\u00e9rieur, des Collectivit\u00e9s locales et de l\u2019Am\u00e9nagement du territoire, l&rsquo;\u00e9tude d\u2019am\u00e9nagement a \u00e9t\u00e9 confi\u00e9e en novembre 2018 au Centre national d&rsquo;\u00e9tudes et d&rsquo;analyses pour la population\u00a0et le d\u00e9veloppement (CNEAPD) pour un co\u00fbt de plus de 14 millions DA, afin de permettre \u00e0 cette r\u00e9gion de devenir une zone \u00e0 forte attractivit\u00e9 \u00e0 travers la mobilisation de toutes ses potentialit\u00e9s, a pr\u00e9cis\u00e9 M.Boualem Amrani.<\/p>\n<blockquote readability=\"11\">\n<p><em><strong>La rencontre, qui a regroup\u00e9 les ing\u00e9nieurs et analystes du CNEAPD en partenariat avec tous les intervenants dont les autorit\u00e9s locales, les \u00e9lus et les autres institutions concern\u00e9es, a port\u00e9 sur les grandes th\u00e9matiques de l\u2019\u00e9tude d\u2019am\u00e9nagement et l\u2019\u00e9tat d\u2019avancement de la premi\u00e8re phase qui\u00a0sera approuv\u00e9e prochainement par les \u00e9lus locaux.<\/strong><\/em><\/p>\n<\/blockquote>\n<p>Le plan d&rsquo;am\u00e9nagement permettra de ma\u00eetriser le d\u00e9veloppement des zones urbaines de la r\u00e9gion, de garantir une urbanisation selon une vision rationnelle en respectant l\u2019environnement, de cr\u00e9er un \u00e9quilibre entre les diff\u00e9rentes utilisations du terrain et d\u2019apporter un appui aux projets \u00e9conomiques d&rsquo;investissement, permettant la cr\u00e9ation d\u2019emplois, a expliqu\u00e9 d\u00e9taill\u00e9 le secr\u00e9taire g\u00e9n\u00e9ral.<\/p>\n<p>Selon le wali d\u00e9l\u00e9gu\u00e9e d\u2019El-Menea, Mohamed Dahmani, cette \u00e9tude vise \u00e0 hisser El-Menea au rang d\u2019une grande ville \u00e0 travers la valorisation de son patrimoine culturel et civilisationnel, la pr\u00e9servation des espaces verts et de l\u2019environnement, l\u2019am\u00e9lioration de l\u2019acc\u00e8s aux services et \u00e9quipements sociaux de proximit\u00e9 et le renforcement de la gouvernance&#8230;<\/p>\n<blockquote readability=\"10\">\n<p><em><strong>L\u2019\u00e9tude touche la requalification du tissu urbain, la consolidation et la modernisation des \u00e9quipements, la dynamisation des activit\u00e9s \u00e9conomiques et le renforcement des infrastructures routi\u00e8res et l&rsquo;am\u00e9nagement des espaces verts, a-t-il poursuivi.<\/strong><\/em><\/p>\n<\/blockquote>\n<p>Elle vise \u00e0 conforter le rayonnement \u00e9conomique, social et culturel d\u2019El-Menea et \u00e0 insuffler une nouvelle dynamique socio-\u00e9conomique \u00e0 la r\u00e9gion, \u00e0 renforcer sa vocation touristique et agricole et \u00e0 cr\u00e9er des\u00a0emplois.<\/p>\n<p>Elabor\u00e9 selon une strat\u00e9gie concert\u00e9e de d\u00e9veloppement avec les acteurs locaux, cette phase de l\u2019\u00e9tude \u00e9tablira en premier, un diagnostic global sur les dysfonctionnements spatiaux d\u2019ordre \u00e9conomique, social et environnemental que sur les potentialit\u00e9s \u00e0 valoriser en termes de ressources naturelles, \u00e9conomiques et humaines.<\/p>\n<p>Sur la base de ce diagnostic, l\u2019\u00e9tude aura \u00e0 identifier un ensemble d\u2019espaces de projets destin\u00e9s \u00e0 asseoir les conditions de d\u00e9veloppement durable de cette r\u00e9gion \u00e9rig\u00e9 en 2015 en wilaya d\u00e9l\u00e9gu\u00e9e.<\/p>\n<p>Pour cela, la r\u00e9gion d\u2019El-Menea est plus que jamais appel\u00e9e \u00e0 mettre en place des synergies et des polarit\u00e9s entre ses territoires particuli\u00e8rement dans le domaine de l\u2019agriculture, du tourisme et des infrastructures afin d\u2019atteindre le d\u00e9veloppement durable harmonieux.<\/p>\n<blockquote readability=\"11\">\n<p><em><strong>En application des directives des pouvoirs publics de relancer le projet de la nouvelle ville d\u2019El-Menea en vue d\u2019offrir aux g\u00e9n\u00e9rations pr\u00e9sentes et futures une qualit\u00e9 de vie am\u00e9lior\u00e9e, des opportunit\u00e9s certaines, ainsi que la perspective d&rsquo;un avenir prometteur pour la r\u00e9gion, il a \u00e9t\u00e9 demand\u00e9 aux techniciens du CNEAP de prendre en consid\u00e9ration cette nouvelle ville et de l\u2019int\u00e9grer dans le plan d\u2019am\u00e9nagement.<\/strong><\/em><\/p>\n<\/blockquote>\n<p>Positionn\u00e9e sur un site naturel disposant d\u2019espaces relativement plats sur la route nationale RN-1 \u00e0 dix kilom\u00e8tres au Nord de l\u2019actuel El-Menea, la future ville, unique dans son aspect architectural et respectueuse de l\u2019environnement, devra recevoir \u00e0 terme, sur une superficie de pr\u00e8s de 600 hectares extensibles, quelque 50.000 habitants avec toutes les commodit\u00e9s d\u2019une agglom\u00e9ration urbaine moderne \u00e0 vocation touristique et agricole.<\/p>\n<\/div>\n<p>Auteur:<br \/>\n<a href=\"http:\/\/www.aps.dz\/regions\/98689-ghardaia-l-etude-d-amenagement-de-la-wilaya-d-el-menea-presentee-aux-autorites-locales\">Cliquez ici pour lire l&rsquo;article depuis sa source.<\/a><\/p>\n","protected":false},"excerpt":{"rendered":"<p>GHARDAIA- L\u2019\u00e9tat d\u2019avancement et les grandes lignes de l\u2019\u00e9tude d&rsquo;am\u00e9nagement et de d\u00e9veloppement de la wilaya d\u00e9l\u00e9gu\u00e9e El-Menea\u00a0 ont \u00e9t\u00e9 pr\u00e9sent\u00e9es lors d&rsquo;une rencontre des responsables de l\u2019ex\u00e9cutif de\u00a0la wilaya, a indiqu\u00e9 lundi \u00e0 l\u2019APS le secr\u00e9taire g\u00e9n\u00e9ral de la wilaya de Ghardaia. Initi\u00e9e par le minist\u00e8re de l\u2019Int\u00e9rieur, des Collectivit\u00e9s locales et de l\u2019Am\u00e9nagement [&hellip;]<\/p>\n","protected":false},"author":1790,"featured_media":0,"comment_status":"closed","ping_status":"closed","sticky":false,"template":"","format":"standard","meta":{"fifu_image_url":"","fifu_image_alt":"","footnotes":""},"categories":[53,76],"tags":[],"class_list":["post-69715","post","type-post","status-publish","format-standard","hentry","category-algerie","category-regions"],"_links":{"self":[{"href":"https:\/\/linitiative.ca\/International\/wp-json\/wp\/v2\/posts\/69715","targetHints":{"allow":["GET"]}}],"collection":[{"href":"https:\/\/linitiative.ca\/International\/wp-json\/wp\/v2\/posts"}],"about":[{"href":"https:\/\/linitiative.ca\/International\/wp-json\/wp\/v2\/types\/post"}],"author":[{"embeddable":true,"href":"https:\/\/linitiative.ca\/International\/wp-json\/wp\/v2\/users\/1790"}],"replies":[{"embeddable":true,"href":"https:\/\/linitiative.ca\/International\/wp-json\/wp\/v2\/comments?post=69715"}],"version-history":[{"count":0,"href":"https:\/\/linitiative.ca\/International\/wp-json\/wp\/v2\/posts\/69715\/revisions"}],"wp:attachment":[{"href":"https:\/\/linitiative.ca\/International\/wp-json\/wp\/v2\/media?parent=69715"}],"wp:term":[{"taxonomy":"category","embeddable":true,"href":"https:\/\/linitiative.ca\/International\/wp-json\/wp\/v2\/categories?post=69715"},{"taxonomy":"post_tag","embeddable":true,"href":"https:\/\/linitiative.ca\/International\/wp-json\/wp\/v2\/tags?post=69715"}],"curies":[{"name":"wp","href":"https:\/\/api.w.org\/{rel}","templated":true}]}}