{"id":69719,"date":"2019-12-09T12:57:28","date_gmt":"2019-12-09T17:57:28","guid":{"rendered":"https:\/\/linitiative.ca\/International\/oum-el-bouaghi-labellisation-du-fromage-traditionnel-bouhezza\/"},"modified":"2019-12-09T12:57:28","modified_gmt":"2019-12-09T17:57:28","slug":"oum-el-bouaghi-labellisation-du-fromage-traditionnel-bouhezza","status":"publish","type":"post","link":"https:\/\/linitiative.ca\/International\/oum-el-bouaghi-labellisation-du-fromage-traditionnel-bouhezza\/","title":{"rendered":"Oum El Bouaghi : labellisation du fromage traditionnel \u00ab\u00a0Bouhezza\u00a0\u00bb"},"content":{"rendered":"<div readability=\"42\">\n<p><strong>OUM EL BOUAGHI- Le fromage traditionnel \u00ab\u00a0Bouhezza\u00a0\u00bb, produit du terroir de la wilaya d\u2019Oum El Bouaghi, a \u00e9t\u00e9 labellis\u00e9 par le Comit\u00e9 national de la labellisation, qui s&rsquo;est r\u00e9cemment r\u00e9uni au si\u00e8ge du minist\u00e8re de l&rsquo;Agriculture, du D\u00e9veloppement rural et de la P\u00eache, a-t-on appris, lundi, aupr\u00e8s de l&rsquo;association \u00ab\u00a0Imsenda\u00a0\u00bb de promotion et de protection de l\u2019appellation du fromage \u00ab\u00a0Bouhezza\u00a0\u00bb.<\/strong><\/p>\n<\/div>\n<div readability=\"61\">\n<p>A ce propos, Samir Messaili, en charge de la labellisation du fromage \u00ab\u00a0Bouhezza\u00a0\u00bb, membre de cette m\u00eame association et du comit\u00e9 sp\u00e9cialis\u00e9 qui a \u00e9tudi\u00e9 le cahier des charges de la labellisation de ce produit traditionnel, a affirm\u00e9 que ce comit\u00e9 a \u00e9t\u00e9 pr\u00e9sid\u00e9 par le ministre de l\u2019Agriculture, du D\u00e9veloppement rural et de la P\u00eache, Cherif Omari, en personne.<\/p>\n<blockquote readability=\"13\">\n<p><em><strong>La r\u00e9union du Comit\u00e9 national de la labellisation, qui comprend 21 membres, a regroup\u00e9 des repr\u00e9sentants de plusieurs secteurs en relation avec la labellisation, en plus du pr\u00e9sident de l&rsquo;association Imsenda pour la promotion et la protection de la d\u00e9nomination \u00ab\u00a0Bouhezza\u00a0\u00bb, Kheireddine Mazouz, a pr\u00e9cis\u00e9 la m\u00eame source.<\/strong><\/em><\/p>\n<\/blockquote>\n<p>M.Messaili a ajout\u00e9 que la prochaine \u00e9tape qui interviendra apr\u00e8s la labellisation du fromage \u00ab\u00a0Bouhezza\u00a0\u00bb consiste en la signature de la d\u00e9cision par le ministre de l&rsquo;Agriculture, du D\u00e9veloppement rural et de la P\u00eache afin d&rsquo;enregistrer le produit en dernier lieu au Centre national de la propri\u00e9t\u00e9 intellectuelle afin de le prot\u00e9ger.<\/p>\n<p>La m\u00eame source a aussi fait savoir que le fromage \u00ab\u00a0Bouhezza\u00a0\u00bb est \u00ab\u00a0le troisi\u00e8me produit labellis\u00e9 \u00e0 travers le pays\u00a0\u00bb, apr\u00e8s Deglet Nour de la r\u00e9gion de Tolga, dans la wilaya de Biskra, et les figues s\u00e8ches de Beni Maouche, dans la wilaya de Bejaia.<\/p>\n<\/div>\n<p>Auteur:<br \/>\n<a href=\"http:\/\/www.aps.dz\/regions\/98726-oum-el-bouaghi-labellisation-du-fromage-traditionnel-bouhezza\">Cliquez ici pour lire l&rsquo;article depuis sa source.<\/a><\/p>\n","protected":false},"excerpt":{"rendered":"<p>OUM EL BOUAGHI- Le fromage traditionnel \u00ab\u00a0Bouhezza\u00a0\u00bb, produit du terroir de la wilaya d\u2019Oum El Bouaghi, a \u00e9t\u00e9 labellis\u00e9 par le Comit\u00e9 national de la labellisation, qui s&rsquo;est r\u00e9cemment r\u00e9uni au si\u00e8ge du minist\u00e8re de l&rsquo;Agriculture, du D\u00e9veloppement rural et de la P\u00eache, a-t-on appris, lundi, aupr\u00e8s de l&rsquo;association \u00ab\u00a0Imsenda\u00a0\u00bb de promotion et de protection [&hellip;]<\/p>\n","protected":false},"author":1790,"featured_media":0,"comment_status":"closed","ping_status":"closed","sticky":false,"template":"","format":"standard","meta":{"fifu_image_url":"","fifu_image_alt":"","footnotes":""},"categories":[53,76],"tags":[],"class_list":["post-69719","post","type-post","status-publish","format-standard","hentry","category-algerie","category-regions"],"_links":{"self":[{"href":"https:\/\/linitiative.ca\/International\/wp-json\/wp\/v2\/posts\/69719","targetHints":{"allow":["GET"]}}],"collection":[{"href":"https:\/\/linitiative.ca\/International\/wp-json\/wp\/v2\/posts"}],"about":[{"href":"https:\/\/linitiative.ca\/International\/wp-json\/wp\/v2\/types\/post"}],"author":[{"embeddable":true,"href":"https:\/\/linitiative.ca\/International\/wp-json\/wp\/v2\/users\/1790"}],"replies":[{"embeddable":true,"href":"https:\/\/linitiative.ca\/International\/wp-json\/wp\/v2\/comments?post=69719"}],"version-history":[{"count":0,"href":"https:\/\/linitiative.ca\/International\/wp-json\/wp\/v2\/posts\/69719\/revisions"}],"wp:attachment":[{"href":"https:\/\/linitiative.ca\/International\/wp-json\/wp\/v2\/media?parent=69719"}],"wp:term":[{"taxonomy":"category","embeddable":true,"href":"https:\/\/linitiative.ca\/International\/wp-json\/wp\/v2\/categories?post=69719"},{"taxonomy":"post_tag","embeddable":true,"href":"https:\/\/linitiative.ca\/International\/wp-json\/wp\/v2\/tags?post=69719"}],"curies":[{"name":"wp","href":"https:\/\/api.w.org\/{rel}","templated":true}]}}