{"id":69722,"date":"2019-12-09T06:03:04","date_gmt":"2019-12-09T11:03:04","guid":{"rendered":"https:\/\/linitiative.ca\/International\/un-policier-degaine-son-arme-pour-arreter-un-individu\/"},"modified":"2019-12-09T06:03:04","modified_gmt":"2019-12-09T11:03:04","slug":"un-policier-degaine-son-arme-pour-arreter-un-individu","status":"publish","type":"post","link":"https:\/\/linitiative.ca\/International\/un-policier-degaine-son-arme-pour-arreter-un-individu\/","title":{"rendered":"Un policier d\u00e9gaine son arme pour arr\u00eater un individu"},"content":{"rendered":"<div class=\"single-featured\"><img alt=\"\" data-src=\"http:\/\/www.mapoujda.ma\/map\/uploads\/2019\/12\/Element-de-la-DGSN-M750\u00d7430-MAP-Archive.jpg\"\/><\/div>\n<div class=\"entry-content clearfix single-post-content\" readability=\"53\">\n<p class=\"c4\">Le chef de\u00a0la brigade de la police judiciaire\u00a0relevant du district de la s\u00fbret\u00e9 de\u00a0Taourirt\u00a0a \u00e9t\u00e9 contraint de faire usage de son arme de service, dimanche, pour arr\u00eater un multir\u00e9cidiviste, \u00e2g\u00e9 de 23 ans, qui\u00a0exposait des fonctionnaires de police \u00e0 un danger s\u00e9rieux et imminent \u00e0 l\u2019aide d\u2019une\u00a0arme blanche.<\/p>\n<p class=\"c4\">Une patrouille de police \u00e9tait intervenue pour arr\u00eater le mis en cause, recherch\u00e9 au niveau national pour une affaire de coups et blessures \u00e0 l\u2019aide d\u2019une arme blanche, a indiqu\u00e9 la Direction g\u00e9n\u00e9rale de la S\u00fbret\u00e9 nationale (DGSN) dans un communiqu\u00e9, ajoutant que l\u2019individu a oppos\u00e9 une r\u00e9sistance farouche avec couteaux de gros calibre et a tent\u00e9 de s\u2019auto-mutiler, contraignant le chef de la brigade de la police judiciaire \u00e0 tirer une balle de sommation,\u00a0ce qui a permis de neutraliser le danger avant d\u2019arr\u00eater le suspect ainsi qu\u2019un complice et de saisir les armes blanches utilis\u00e9es dans l\u2019agression.<\/p>\n<p class=\"c4\">Les deux suspects ont \u00e9t\u00e9 plac\u00e9s en garde \u00e0 vue \u00e0 la disposition de l\u2019enqu\u00eate judiciaire men\u00e9e sous la supervision du parquet comp\u00e9tent pour \u00e9lucider les tenants et aboutissants de cette affaire.<\/p>\n<\/div>\n<p>Auteur: Soufiane ELAHMAR<br \/>\n<a href=\"http:\/\/www.mapoujda.ma\/fr\/un-policier-degaine-son-arme-pour-arreter-un-individu\/\">Cliquez ici pour lire l&rsquo;article depuis sa source.<\/a><\/p>\n","protected":false},"excerpt":{"rendered":"<p>Le chef de\u00a0la brigade de la police judiciaire\u00a0relevant du district de la s\u00fbret\u00e9 de\u00a0Taourirt\u00a0a \u00e9t\u00e9 contraint de faire usage de son arme de service, dimanche, pour arr\u00eater un multir\u00e9cidiviste, \u00e2g\u00e9 de 23 ans, qui\u00a0exposait des fonctionnaires de police \u00e0 un danger s\u00e9rieux et imminent \u00e0 l\u2019aide d\u2019une\u00a0arme blanche. Une patrouille de police \u00e9tait intervenue pour [&hellip;]<\/p>\n","protected":false},"author":1788,"featured_media":69723,"comment_status":"closed","ping_status":"closed","sticky":false,"template":"","format":"standard","meta":{"fifu_image_url":"","fifu_image_alt":"","footnotes":""},"categories":[54,76],"tags":[],"class_list":["post-69722","post","type-post","status-publish","format-standard","has-post-thumbnail","hentry","category-maroc","category-regions"],"_links":{"self":[{"href":"https:\/\/linitiative.ca\/International\/wp-json\/wp\/v2\/posts\/69722","targetHints":{"allow":["GET"]}}],"collection":[{"href":"https:\/\/linitiative.ca\/International\/wp-json\/wp\/v2\/posts"}],"about":[{"href":"https:\/\/linitiative.ca\/International\/wp-json\/wp\/v2\/types\/post"}],"author":[{"embeddable":true,"href":"https:\/\/linitiative.ca\/International\/wp-json\/wp\/v2\/users\/1788"}],"replies":[{"embeddable":true,"href":"https:\/\/linitiative.ca\/International\/wp-json\/wp\/v2\/comments?post=69722"}],"version-history":[{"count":0,"href":"https:\/\/linitiative.ca\/International\/wp-json\/wp\/v2\/posts\/69722\/revisions"}],"wp:featuredmedia":[{"embeddable":true,"href":"https:\/\/linitiative.ca\/International\/wp-json\/"}],"wp:attachment":[{"href":"https:\/\/linitiative.ca\/International\/wp-json\/wp\/v2\/media?parent=69722"}],"wp:term":[{"taxonomy":"category","embeddable":true,"href":"https:\/\/linitiative.ca\/International\/wp-json\/wp\/v2\/categories?post=69722"},{"taxonomy":"post_tag","embeddable":true,"href":"https:\/\/linitiative.ca\/International\/wp-json\/wp\/v2\/tags?post=69722"}],"curies":[{"name":"wp","href":"https:\/\/api.w.org\/{rel}","templated":true}]}}