{"id":69724,"date":"2019-12-09T11:24:35","date_gmt":"2019-12-09T16:24:35","guid":{"rendered":"https:\/\/linitiative.ca\/International\/750-beneficiaires-dune-caravane-medicale-pluridisciplinaire\/"},"modified":"2019-12-09T11:24:35","modified_gmt":"2019-12-09T16:24:35","slug":"750-beneficiaires-dune-caravane-medicale-pluridisciplinaire","status":"publish","type":"post","link":"https:\/\/linitiative.ca\/International\/750-beneficiaires-dune-caravane-medicale-pluridisciplinaire\/","title":{"rendered":"750 b\u00e9n\u00e9ficiaires d\u2019une caravane m\u00e9dicale pluridisciplinaire"},"content":{"rendered":"<p class=\"c4\">Quelque 750 habitants de Tamjit dans la commune rurale de Berkine (province de Guercif) ont b\u00e9n\u00e9fici\u00e9 d\u2019une caravane m\u00e9dicale pluridisciplinaire organis\u00e9e, samedi dernier, par la Direction provinciale de la Sant\u00e9.<\/p>\n<p class=\"c4\">Cette caravane a \u00e9t\u00e9 initi\u00e9e en partenariat avec la province de Guercif et l\u2019Association \u00ab\u00a0Maison de la Sant\u00e9\u00a0\u00bb des employ\u00e9s de l\u2019h\u00f4pital provincial, et en coordination avec la Direction r\u00e9gionale de la Sant\u00e9 et le Croissant rouge marocain (CRM).<\/p>\n<p class=\"c4\">Selon le directeur provincial de la Sant\u00e9, Hicham Alaoui cette caravane a \u00e9t\u00e9 men\u00e9e dans le sillage des mesures pratiques et proactives visant \u00e0 faire face aux effets des pr\u00e9cipitations, des chutes de neige et de la vague de froid que connaissent les communes de la province en p\u00e9riode hivernale.<\/p>\n<p class=\"c4\">Elle rentre aussi dans le cadre des efforts d\u00e9ploy\u00e9s par la Direction provinciale pour rapprocher les prestations de soins des habitants des zones montagneuses, a-t-il ajout\u00e9 dans une d\u00e9claration \u00e0 la MAP.<\/p>\n<p class=\"c4\">Cette caravane m\u00e9dicale pluridisciplinaire a \u00e9t\u00e9 encadr\u00e9e par 26 cadres m\u00e9dicaux, param\u00e9dicaux et techniques, a pr\u00e9cis\u00e9 M. Alaoui, rappelant que d\u2019autres initiatives similaires ont \u00e9t\u00e9 organis\u00e9es au profit d\u2019habitants relevant des communes de Berkine et Ras Laksar.<\/p>\n<p class=\"c4\">Les b\u00e9n\u00e9ficiaires ont salu\u00e9 cette initiative qui permet d\u2019all\u00e9ger les souffrances des habitants qui trouvent des difficult\u00e9s pour effectuer le d\u00e9placement jusqu\u2019\u00e0 la ville de Guercif afin de recevoir les soins n\u00e9cessaires, surtout pendant cette p\u00e9riode marqu\u00e9e par de fortes pr\u00e9cipitations et d\u2019importantes chutes de neige.<\/p>\n<p class=\"c4\">Outre les consultations, la sensibilisation et les conseils m\u00e9dicaux, les personnes souffrant de maladies b\u00e9n\u00e9ficient gracieusement des m\u00e9dicaments prescrits par le m\u00e9decin.<\/p>\n<p>Auteur: Soufiane ELAHMAR<br \/>\n<a href=\"http:\/\/www.mapoujda.ma\/fr\/750-beneficiaires-dune-caravane-medicale-pluridisciplinaire\/\">Cliquez ici pour lire l&rsquo;article depuis sa source.<\/a><\/p>\n","protected":false},"excerpt":{"rendered":"<p>Quelque 750 habitants de Tamjit dans la commune rurale de Berkine (province de Guercif) ont b\u00e9n\u00e9fici\u00e9 d\u2019une caravane m\u00e9dicale pluridisciplinaire organis\u00e9e, samedi dernier, par la Direction provinciale de la Sant\u00e9. Cette caravane a \u00e9t\u00e9 initi\u00e9e en partenariat avec la province de Guercif et l\u2019Association \u00ab\u00a0Maison de la Sant\u00e9\u00a0\u00bb des employ\u00e9s de l\u2019h\u00f4pital provincial, et en [&hellip;]<\/p>\n","protected":false},"author":1788,"featured_media":0,"comment_status":"closed","ping_status":"closed","sticky":false,"template":"","format":"standard","meta":{"fifu_image_url":"","fifu_image_alt":"","footnotes":""},"categories":[54,76],"tags":[],"class_list":["post-69724","post","type-post","status-publish","format-standard","hentry","category-maroc","category-regions"],"_links":{"self":[{"href":"https:\/\/linitiative.ca\/International\/wp-json\/wp\/v2\/posts\/69724","targetHints":{"allow":["GET"]}}],"collection":[{"href":"https:\/\/linitiative.ca\/International\/wp-json\/wp\/v2\/posts"}],"about":[{"href":"https:\/\/linitiative.ca\/International\/wp-json\/wp\/v2\/types\/post"}],"author":[{"embeddable":true,"href":"https:\/\/linitiative.ca\/International\/wp-json\/wp\/v2\/users\/1788"}],"replies":[{"embeddable":true,"href":"https:\/\/linitiative.ca\/International\/wp-json\/wp\/v2\/comments?post=69724"}],"version-history":[{"count":0,"href":"https:\/\/linitiative.ca\/International\/wp-json\/wp\/v2\/posts\/69724\/revisions"}],"wp:attachment":[{"href":"https:\/\/linitiative.ca\/International\/wp-json\/wp\/v2\/media?parent=69724"}],"wp:term":[{"taxonomy":"category","embeddable":true,"href":"https:\/\/linitiative.ca\/International\/wp-json\/wp\/v2\/categories?post=69724"},{"taxonomy":"post_tag","embeddable":true,"href":"https:\/\/linitiative.ca\/International\/wp-json\/wp\/v2\/tags?post=69724"}],"curies":[{"name":"wp","href":"https:\/\/api.w.org\/{rel}","templated":true}]}}