{"id":69726,"date":"2019-12-09T15:13:58","date_gmt":"2019-12-09T20:13:58","guid":{"rendered":"https:\/\/linitiative.ca\/International\/international-dortmund-witsel-se-blesse-a-son-domicile\/"},"modified":"2019-12-09T15:13:58","modified_gmt":"2019-12-09T20:13:58","slug":"international-dortmund-witsel-se-blesse-a-son-domicile","status":"publish","type":"post","link":"https:\/\/linitiative.ca\/International\/international-dortmund-witsel-se-blesse-a-son-domicile\/","title":{"rendered":"International : Dortmund : Witsel se blesse \u00e0 son domicile"},"content":{"rendered":"<div readability=\"32\">\n<p>Auteur : <span class=\"time\">lundi 09 d\u00e9cembre 2019 16:00<\/span><\/p>\n<\/div>\n<div id=\"post_core\" readability=\"46\">\n<p>Victime d&rsquo;une chute \u00e0 son domicile, le milieu de terrain du Borussia Dortmund s&rsquo;est bless\u00e9 au visage et il a d\u00fb subir une intervention chirurgicale, annonce le club allemand dans un communiqu\u00e9 ce lundi. Il est indisponible jusqu&rsquo;\u00e0 la fin de l&rsquo;ann\u00e9e.<\/p>\n<p>Une bien mauvaise nouvelle pour le BVB. Troisi\u00e8me de Bundesliga, la formation de Lucien Favre devra composer sans le Belge pour son match d\u00e9cisif en Ligue des Champions contre le Slavia Prague, mardi. Il manquera \u00e9galement les matchs de championnat contre Mayence, Leipzig et Hoffenheim. Source : Maxifoot.<\/p>\n<p><strong>Publi\u00e9 dans :<\/strong> <span>Dortmund<\/span> <span>Axel Witsel<\/span><\/p>\n<\/div>\n<p>Auteur:<br \/>\n<a href=\"http:\/\/www.lebuteur.com\/article\/detail?titre=dortmund-witsel-se-blesse-a-son-domicile&#038;id=93468&#038;utm_source=feedburner&#038;utm_medium=feed&#038;utm_campaign=Feed%3A+GalerieFArtciles+%28Les+derniers+articles++-+lebuteur.com%29\">Cliquez ici pour lire l&rsquo;article depuis sa source.<\/a><\/p>\n","protected":false},"excerpt":{"rendered":"<p>Auteur : lundi 09 d\u00e9cembre 2019 16:00 Victime d&rsquo;une chute \u00e0 son domicile, le milieu de terrain du Borussia Dortmund s&rsquo;est bless\u00e9 au visage et il a d\u00fb subir une intervention chirurgicale, annonce le club allemand dans un communiqu\u00e9 ce lundi. Il est indisponible jusqu&rsquo;\u00e0 la fin de l&rsquo;ann\u00e9e. Une bien mauvaise nouvelle pour le [&hellip;]<\/p>\n","protected":false},"author":1738,"featured_media":69727,"comment_status":"closed","ping_status":"closed","sticky":false,"template":"","format":"standard","meta":{"fifu_image_url":"","fifu_image_alt":"","footnotes":""},"categories":[53,75],"tags":[],"class_list":["post-69726","post","type-post","status-publish","format-standard","has-post-thumbnail","hentry","category-algerie","category-sport"],"_links":{"self":[{"href":"https:\/\/linitiative.ca\/International\/wp-json\/wp\/v2\/posts\/69726","targetHints":{"allow":["GET"]}}],"collection":[{"href":"https:\/\/linitiative.ca\/International\/wp-json\/wp\/v2\/posts"}],"about":[{"href":"https:\/\/linitiative.ca\/International\/wp-json\/wp\/v2\/types\/post"}],"author":[{"embeddable":true,"href":"https:\/\/linitiative.ca\/International\/wp-json\/wp\/v2\/users\/1738"}],"replies":[{"embeddable":true,"href":"https:\/\/linitiative.ca\/International\/wp-json\/wp\/v2\/comments?post=69726"}],"version-history":[{"count":0,"href":"https:\/\/linitiative.ca\/International\/wp-json\/wp\/v2\/posts\/69726\/revisions"}],"wp:featuredmedia":[{"embeddable":true,"href":"https:\/\/linitiative.ca\/International\/wp-json\/"}],"wp:attachment":[{"href":"https:\/\/linitiative.ca\/International\/wp-json\/wp\/v2\/media?parent=69726"}],"wp:term":[{"taxonomy":"category","embeddable":true,"href":"https:\/\/linitiative.ca\/International\/wp-json\/wp\/v2\/categories?post=69726"},{"taxonomy":"post_tag","embeddable":true,"href":"https:\/\/linitiative.ca\/International\/wp-json\/wp\/v2\/tags?post=69726"}],"curies":[{"name":"wp","href":"https:\/\/api.w.org\/{rel}","templated":true}]}}