{"id":69728,"date":"2019-12-09T15:14:00","date_gmt":"2019-12-09T20:14:00","guid":{"rendered":"https:\/\/linitiative.ca\/International\/pros-feghouli-out-face-au-psg\/"},"modified":"2019-12-09T15:14:00","modified_gmt":"2019-12-09T20:14:00","slug":"pros-feghouli-out-face-au-psg","status":"publish","type":"post","link":"https:\/\/linitiative.ca\/International\/pros-feghouli-out-face-au-psg\/","title":{"rendered":"Pros : Feghouli out face au PSG"},"content":{"rendered":"<div readability=\"32\">\n<p>Auteur : <span class=\"time\">lundi 09 d\u00e9cembre 2019 19:38<\/span><\/p>\n<\/div>\n<div id=\"post_core\" readability=\"40\">\n<p>A en croire la presse turque, le joueur milieu de terrain Alg\u00e9rien du Galatasaray, Sofiane Feghouli ne sera pas de la partie ce mercredi face au Paris Saint Germain lors de la sixi\u00e8me et ultime journ\u00e9e de la phase de poule de la Ligue des champions. Victime d\u2019une blessure au niveau de la cuisse, le joueur de l\u2019EN n\u2019a toujours pas encore repris l\u2019entra\u00eenement avec son team. Rappelons que Feghouli avait rat\u00e9 le pr\u00e9c\u00e9dent match de son team en Super Lig contre Alanyaspor.<\/p>\n<p><strong>Publi\u00e9 dans :<\/strong> <span>PSG<\/span> <span>Feghouli<\/span><\/p>\n<\/div>\n<p>Auteur:<br \/>\n<a href=\"http:\/\/www.lebuteur.com\/article\/detail?titre=feghouli-out-face-au-psg&#038;id=93469&#038;utm_source=feedburner&#038;utm_medium=feed&#038;utm_campaign=Feed%3A+GalerieFArtciles+%28Les+derniers+articles++-+lebuteur.com%29\">Cliquez ici pour lire l&rsquo;article depuis sa source.<\/a><\/p>\n","protected":false},"excerpt":{"rendered":"<p>Auteur : lundi 09 d\u00e9cembre 2019 19:38 A en croire la presse turque, le joueur milieu de terrain Alg\u00e9rien du Galatasaray, Sofiane Feghouli ne sera pas de la partie ce mercredi face au Paris Saint Germain lors de la sixi\u00e8me et ultime journ\u00e9e de la phase de poule de la Ligue des champions. Victime d\u2019une [&hellip;]<\/p>\n","protected":false},"author":1738,"featured_media":69729,"comment_status":"closed","ping_status":"closed","sticky":false,"template":"","format":"standard","meta":{"fifu_image_url":"","fifu_image_alt":"","footnotes":""},"categories":[53,75],"tags":[],"class_list":["post-69728","post","type-post","status-publish","format-standard","has-post-thumbnail","hentry","category-algerie","category-sport"],"_links":{"self":[{"href":"https:\/\/linitiative.ca\/International\/wp-json\/wp\/v2\/posts\/69728","targetHints":{"allow":["GET"]}}],"collection":[{"href":"https:\/\/linitiative.ca\/International\/wp-json\/wp\/v2\/posts"}],"about":[{"href":"https:\/\/linitiative.ca\/International\/wp-json\/wp\/v2\/types\/post"}],"author":[{"embeddable":true,"href":"https:\/\/linitiative.ca\/International\/wp-json\/wp\/v2\/users\/1738"}],"replies":[{"embeddable":true,"href":"https:\/\/linitiative.ca\/International\/wp-json\/wp\/v2\/comments?post=69728"}],"version-history":[{"count":0,"href":"https:\/\/linitiative.ca\/International\/wp-json\/wp\/v2\/posts\/69728\/revisions"}],"wp:featuredmedia":[{"embeddable":true,"href":"https:\/\/linitiative.ca\/International\/wp-json\/"}],"wp:attachment":[{"href":"https:\/\/linitiative.ca\/International\/wp-json\/wp\/v2\/media?parent=69728"}],"wp:term":[{"taxonomy":"category","embeddable":true,"href":"https:\/\/linitiative.ca\/International\/wp-json\/wp\/v2\/categories?post=69728"},{"taxonomy":"post_tag","embeddable":true,"href":"https:\/\/linitiative.ca\/International\/wp-json\/wp\/v2\/tags?post=69728"}],"curies":[{"name":"wp","href":"https:\/\/api.w.org\/{rel}","templated":true}]}}