{"id":69730,"date":"2019-12-09T15:14:02","date_gmt":"2019-12-09T20:14:02","guid":{"rendered":"https:\/\/linitiative.ca\/International\/pros-bennacer-je-me-sens-bien-je-progresse-avec-pioli\/"},"modified":"2019-12-09T15:14:02","modified_gmt":"2019-12-09T20:14:02","slug":"pros-bennacer-je-me-sens-bien-je-progresse-avec-pioli","status":"publish","type":"post","link":"https:\/\/linitiative.ca\/International\/pros-bennacer-je-me-sens-bien-je-progresse-avec-pioli\/","title":{"rendered":"Pros : Bennacer : \u00abJe me sens bien, je progresse avec Pioli\u00bb"},"content":{"rendered":"<div readability=\"32\">\n<p>Auteur : <span>Riad O.<\/span> <span class=\"time\">lundi 09 d\u00e9cembre 2019 19:39<\/span><\/p>\n<\/div>\n<div id=\"post_core\" readability=\"41\">\n<p>A l\u2019issue de ce match remport\u00e9 face \u00e0 Bologne, le joueur milieu de terrain Alg\u00e9rien du Milan AC s\u2019est confi\u00e9 \u00e0 la cha\u00eene TV du club Milanais pour \u00e9voquer cette victoire\u00a0:\u00a0\u00abNous sommes contents d\u2019avoir remport\u00e9 ce match. La victoire est ce qui est de plus important pour nous. Nous avons fait un grand match face \u00e0 Bologne. C&rsquo;est important de remporter des matchs pour la confiance. Maintenant, il faudra penser \u00e0 notre prochaine rencontre face \u00e0 Sassuolo.\u00bba-t-il d\u00e9clar\u00e9. Sur un plan personnel, Isma\u00ebl Bennacer se sent de mieux en mieux ces derniers temps en mettant en avant le travail r\u00e9alis\u00e9 par le coach, Stefano Pioli: \u00abJe me sens bien. Je progresse au Milan AC. Avec le coach, je continue de progresser.\u00bb a-t-il d\u00e9clar\u00e9, avant d\u2019ajouter : \u00abLe coach nous stimule. Il parle beaucoup avec nous. Il r\u00e9alise du tr\u00e8s bon travail. C\u2019est ce qui fait la diff\u00e9rence.\u00bb<\/p>\n<p><strong>Publi\u00e9 dans :<\/strong> <span>BENNACER<\/span><\/p>\n<\/div>\n<p>Auteur:<br \/>\n<a href=\"http:\/\/www.lebuteur.com\/article\/detail?titre=bennacer-je-me-sens-bien-je-progresse-avec-pioli&#038;id=93470&#038;utm_source=feedburner&#038;utm_medium=feed&#038;utm_campaign=Feed%3A+GalerieFArtciles+%28Les+derniers+articles++-+lebuteur.com%29\">Cliquez ici pour lire l&rsquo;article depuis sa source.<\/a><\/p>\n","protected":false},"excerpt":{"rendered":"<p>Auteur : Riad O. lundi 09 d\u00e9cembre 2019 19:39 A l\u2019issue de ce match remport\u00e9 face \u00e0 Bologne, le joueur milieu de terrain Alg\u00e9rien du Milan AC s\u2019est confi\u00e9 \u00e0 la cha\u00eene TV du club Milanais pour \u00e9voquer cette victoire\u00a0:\u00a0\u00abNous sommes contents d\u2019avoir remport\u00e9 ce match. La victoire est ce qui est de plus important [&hellip;]<\/p>\n","protected":false},"author":1738,"featured_media":69731,"comment_status":"closed","ping_status":"closed","sticky":false,"template":"","format":"standard","meta":{"fifu_image_url":"","fifu_image_alt":"","footnotes":""},"categories":[53,75],"tags":[],"class_list":["post-69730","post","type-post","status-publish","format-standard","has-post-thumbnail","hentry","category-algerie","category-sport"],"_links":{"self":[{"href":"https:\/\/linitiative.ca\/International\/wp-json\/wp\/v2\/posts\/69730","targetHints":{"allow":["GET"]}}],"collection":[{"href":"https:\/\/linitiative.ca\/International\/wp-json\/wp\/v2\/posts"}],"about":[{"href":"https:\/\/linitiative.ca\/International\/wp-json\/wp\/v2\/types\/post"}],"author":[{"embeddable":true,"href":"https:\/\/linitiative.ca\/International\/wp-json\/wp\/v2\/users\/1738"}],"replies":[{"embeddable":true,"href":"https:\/\/linitiative.ca\/International\/wp-json\/wp\/v2\/comments?post=69730"}],"version-history":[{"count":0,"href":"https:\/\/linitiative.ca\/International\/wp-json\/wp\/v2\/posts\/69730\/revisions"}],"wp:featuredmedia":[{"embeddable":true,"href":"https:\/\/linitiative.ca\/International\/wp-json\/"}],"wp:attachment":[{"href":"https:\/\/linitiative.ca\/International\/wp-json\/wp\/v2\/media?parent=69730"}],"wp:term":[{"taxonomy":"category","embeddable":true,"href":"https:\/\/linitiative.ca\/International\/wp-json\/wp\/v2\/categories?post=69730"},{"taxonomy":"post_tag","embeddable":true,"href":"https:\/\/linitiative.ca\/International\/wp-json\/wp\/v2\/tags?post=69730"}],"curies":[{"name":"wp","href":"https:\/\/api.w.org\/{rel}","templated":true}]}}