{"id":69734,"date":"2019-12-09T15:14:07","date_gmt":"2019-12-09T20:14:07","guid":{"rendered":"https:\/\/linitiative.ca\/International\/international-naples-ancelotti-ne-craint-pas-detre-limoge\/"},"modified":"2019-12-09T15:14:07","modified_gmt":"2019-12-09T20:14:07","slug":"international-naples-ancelotti-ne-craint-pas-detre-limoge","status":"publish","type":"post","link":"https:\/\/linitiative.ca\/International\/international-naples-ancelotti-ne-craint-pas-detre-limoge\/","title":{"rendered":"International : Naples : Ancelotti ne craint pas d&rsquo;\u00eatre limog\u00e9"},"content":{"rendered":"<div readability=\"32\">\n<p>Auteur : <span class=\"time\">lundi 09 d\u00e9cembre 2019 20:24<\/span><\/p>\n<\/div>\n<div id=\"post_core\" readability=\"44\">\n<p>En conf\u00e9rence de presse, Carlo Ancelotti a fait face aux critiques et n&rsquo;a pas peur du sort qu&rsquo;il peut lui \u00eatre r\u00e9serv\u00e9 :\u00a0\u00ab\u00a0La valise d&rsquo;un entra\u00eeneur doit toujours \u00eatre pr\u00eate. Il est normal qu&rsquo;un entra\u00eeneur soit toujours questionn\u00e9 par ce qu&rsquo;il fait. J&rsquo;ai d\u00e9j\u00e0 v\u00e9cu ces exp\u00e9riences. Je n&rsquo;ai aucune crainte ou inqui\u00e9tude si le club me vire.\u00a0\u00c7a ne m&rsquo;effraie pas et \u00e7a ne me pr\u00e9occupe pas de savoir que le club pourrait me remercier ou que je pourrais partir\u00a0\u00bb.\u00a0<\/p>\n<p>Le technicien italien consid\u00e8re que les deux parties doivent trouver leur compte pour poursuivre leur aventure ensemble :\u00a0\u00ab\u00a0Je dis que si certaines conditions sont remplies, C&rsquo;est bien\u00a0d&rsquo;avancer. Si elles ne se le sont pas, alors il est meilleur de se s\u00e9parer et de faire route \u00e0 part. Je suis s\u00fbr que cette p\u00e9riode n\u00e9gative prendra fin mais cela ne peut pas durer\u00a0trop longtemps. J&rsquo;attends des r\u00e9ponses dans le court terme, cela doit changer\u00a0\u00bb. Des propos relay\u00e9s par Goal.<\/p>\n<p><strong>Publi\u00e9 dans :<\/strong> <span>Naples<\/span><\/p>\n<\/div>\n<p>Auteur:<br \/>\n<a href=\"http:\/\/www.lebuteur.com\/article\/detail?titre=naples-ancelotti-ne-craint-pas-detre-limoge&#038;id=93472&#038;utm_source=feedburner&#038;utm_medium=feed&#038;utm_campaign=Feed%3A+GalerieFArtciles+%28Les+derniers+articles++-+lebuteur.com%29\">Cliquez ici pour lire l&rsquo;article depuis sa source.<\/a><\/p>\n","protected":false},"excerpt":{"rendered":"<p>Auteur : lundi 09 d\u00e9cembre 2019 20:24 En conf\u00e9rence de presse, Carlo Ancelotti a fait face aux critiques et n&rsquo;a pas peur du sort qu&rsquo;il peut lui \u00eatre r\u00e9serv\u00e9 :\u00a0\u00ab\u00a0La valise d&rsquo;un entra\u00eeneur doit toujours \u00eatre pr\u00eate. Il est normal qu&rsquo;un entra\u00eeneur soit toujours questionn\u00e9 par ce qu&rsquo;il fait. J&rsquo;ai d\u00e9j\u00e0 v\u00e9cu ces exp\u00e9riences. Je [&hellip;]<\/p>\n","protected":false},"author":1738,"featured_media":69735,"comment_status":"closed","ping_status":"closed","sticky":false,"template":"","format":"standard","meta":{"fifu_image_url":"","fifu_image_alt":"","footnotes":""},"categories":[53,75],"tags":[],"class_list":["post-69734","post","type-post","status-publish","format-standard","has-post-thumbnail","hentry","category-algerie","category-sport"],"_links":{"self":[{"href":"https:\/\/linitiative.ca\/International\/wp-json\/wp\/v2\/posts\/69734","targetHints":{"allow":["GET"]}}],"collection":[{"href":"https:\/\/linitiative.ca\/International\/wp-json\/wp\/v2\/posts"}],"about":[{"href":"https:\/\/linitiative.ca\/International\/wp-json\/wp\/v2\/types\/post"}],"author":[{"embeddable":true,"href":"https:\/\/linitiative.ca\/International\/wp-json\/wp\/v2\/users\/1738"}],"replies":[{"embeddable":true,"href":"https:\/\/linitiative.ca\/International\/wp-json\/wp\/v2\/comments?post=69734"}],"version-history":[{"count":0,"href":"https:\/\/linitiative.ca\/International\/wp-json\/wp\/v2\/posts\/69734\/revisions"}],"wp:featuredmedia":[{"embeddable":true,"href":"https:\/\/linitiative.ca\/International\/wp-json\/"}],"wp:attachment":[{"href":"https:\/\/linitiative.ca\/International\/wp-json\/wp\/v2\/media?parent=69734"}],"wp:term":[{"taxonomy":"category","embeddable":true,"href":"https:\/\/linitiative.ca\/International\/wp-json\/wp\/v2\/categories?post=69734"},{"taxonomy":"post_tag","embeddable":true,"href":"https:\/\/linitiative.ca\/International\/wp-json\/wp\/v2\/tags?post=69734"}],"curies":[{"name":"wp","href":"https:\/\/api.w.org\/{rel}","templated":true}]}}