{"id":69736,"date":"2019-12-08T18:00:00","date_gmt":"2019-12-08T23:00:00","guid":{"rendered":"https:\/\/linitiative.ca\/International\/m-bensalah-recoit-le-president-de-lassemblee-populaire-nationale\/"},"modified":"2019-12-08T18:00:00","modified_gmt":"2019-12-08T23:00:00","slug":"m-bensalah-recoit-le-president-de-lassemblee-populaire-nationale","status":"publish","type":"post","link":"https:\/\/linitiative.ca\/International\/m-bensalah-recoit-le-president-de-lassemblee-populaire-nationale\/","title":{"rendered":"M. Bensalah re\u00e7oit le pr\u00e9sident de l\u2019Assembl\u00e9e populaire nationale"},"content":{"rendered":"<div>Le chef de l&rsquo;Etat, Abdelkader Bensalah, a re\u00e7u hier \u00e0 Alger le pr\u00e9sident de l&rsquo;Assembl\u00e9e populaire nationale, Slimane Chenine, indique la Pr\u00e9sidence de la R\u00e9publique dans un communiqu\u00e9.<img loading=\"lazy\" decoding=\"async\" src=\"http:\/\/feeds.feedburner.com\/~r\/ElmoudjahidArticles\/~4\/xQmQ1yO2h_U\" height=\"1\" width=\"1\" alt=\"\"><\/div>\n<p>Auteur: elmoudjahid<br \/>\n<a href=\"http:\/\/www.elmoudjahid.com\/fr\/actualites\/145509\">Cliquez ici pour lire l&rsquo;article depuis sa source.<\/a><\/p>\n","protected":false},"excerpt":{"rendered":"<p>Le chef de l&rsquo;Etat, Abdelkader Bensalah, a re\u00e7u hier \u00e0 Alger le pr\u00e9sident de l&rsquo;Assembl\u00e9e populaire nationale, Slimane Chenine, indique la Pr\u00e9sidence de la R\u00e9publique dans un communiqu\u00e9. Auteur: elmoudjahid Cliquez ici pour lire l&rsquo;article depuis sa source.<\/p>\n","protected":false},"author":1744,"featured_media":0,"comment_status":"closed","ping_status":"closed","sticky":false,"template":"","format":"standard","meta":{"fifu_image_url":"","fifu_image_alt":"","footnotes":""},"categories":[73,53],"tags":[],"class_list":["post-69736","post","type-post","status-publish","format-standard","hentry","category-actualite","category-algerie"],"_links":{"self":[{"href":"https:\/\/linitiative.ca\/International\/wp-json\/wp\/v2\/posts\/69736","targetHints":{"allow":["GET"]}}],"collection":[{"href":"https:\/\/linitiative.ca\/International\/wp-json\/wp\/v2\/posts"}],"about":[{"href":"https:\/\/linitiative.ca\/International\/wp-json\/wp\/v2\/types\/post"}],"author":[{"embeddable":true,"href":"https:\/\/linitiative.ca\/International\/wp-json\/wp\/v2\/users\/1744"}],"replies":[{"embeddable":true,"href":"https:\/\/linitiative.ca\/International\/wp-json\/wp\/v2\/comments?post=69736"}],"version-history":[{"count":0,"href":"https:\/\/linitiative.ca\/International\/wp-json\/wp\/v2\/posts\/69736\/revisions"}],"wp:attachment":[{"href":"https:\/\/linitiative.ca\/International\/wp-json\/wp\/v2\/media?parent=69736"}],"wp:term":[{"taxonomy":"category","embeddable":true,"href":"https:\/\/linitiative.ca\/International\/wp-json\/wp\/v2\/categories?post=69736"},{"taxonomy":"post_tag","embeddable":true,"href":"https:\/\/linitiative.ca\/International\/wp-json\/wp\/v2\/tags?post=69736"}],"curies":[{"name":"wp","href":"https:\/\/api.w.org\/{rel}","templated":true}]}}