{"id":69741,"date":"2019-12-09T08:04:03","date_gmt":"2019-12-09T13:04:03","guid":{"rendered":"https:\/\/linitiative.ca\/International\/98697-mondial-de-yoseikan-budo-9-medailles-dont-3-en-or-pour-la-selection-algerienne\/"},"modified":"2019-12-09T08:04:03","modified_gmt":"2019-12-09T13:04:03","slug":"98697-mondial-de-yoseikan-budo-9-medailles-dont-3-en-or-pour-la-selection-algerienne","status":"publish","type":"post","link":"https:\/\/linitiative.ca\/International\/98697-mondial-de-yoseikan-budo-9-medailles-dont-3-en-or-pour-la-selection-algerienne\/","title":{"rendered":"Mondial de Yoseikan Budo : 9 m\u00e9dailles dont 3 en or pour la s\u00e9lection alg\u00e9rienne"},"content":{"rendered":"<div readability=\"36\">\n<p><strong>ALGER &#8211; L&rsquo;\u00e9quipe alg\u00e9rienne de yoseikan budo a remport\u00e9 neuf m\u00e9dailles dont trois en or au Mondial de la discipline cl\u00f4tur\u00e9 dimanche \u00e0 Paris (France), a indiqu\u00e9 le pr\u00e9sident du Comit\u00e9 national de yoseikan budo, Ma\u00eetre Salah Mouhoub.<\/strong><\/p>\n<\/div>\n<div readability=\"61\">\n<p>Les trois titres mondiaux remport\u00e9s par l&rsquo;Alg\u00e9rie qui a particip\u00e9 avec 13 athl\u00e8tes dont trois filles, ont \u00e9t\u00e9 d\u00e9croch\u00e9s par Ramdane Khellakh &#8211; classe B (-70 kg), Youcef Bouriaa &#8211; classe A (+90 kg) et Islam Ighilagha &#8211; classe B (+90 kg).<\/p>\n<p>Trois autres m\u00e9dailles d&rsquo;argent ont \u00e9t\u00e9 remport\u00e9es par l&rsquo;Alg\u00e9rie, respectivement par Nassim Berzal &#8211; classe B (-65 kg), Khaled Benouar &#8211; classe A (-70 kg) et Nesma Boudjeriba &#8211; classe B (+72 kg).<\/p>\n<p>En revanche, les athl\u00e8tes Khaled Mehdi &#8211; classe A (80 kg), Seif Eddine Lebandji &#8211; classe A (-65 kg) et Sara Achouri &#8211; classe A (-72 kg) se sont content\u00e9s chacun d&rsquo;une m\u00e9daille de bronze.<\/p>\n<p>Dans l&rsquo;\u00e9preuve par \u00e9quipes, le club de Chabab El Kadiria (Chlef), s&rsquo;est impos\u00e9, gr\u00e2ce \u00e0 Karim Heddache (-90kg), Yazid Khider (-70 kg) et Tarek Heddache (-85 kg).<\/p>\n<p>A l&rsquo;issue de ces r\u00e9sultats, le Comit\u00e9 national de yoseikan budo a exprim\u00e9, sur sa page facebook, ses \u00a0f\u00e9licitations \u00e0 l&rsquo;ensemble des athl\u00e8tes pour avoir honor\u00e9 les couleurs nationales et \u00e0 tout le staff technique et arbitres ayant particip\u00e9 au Mondial de Paris.<\/p>\n<\/div>\n<p>Auteur:<br \/>\n<a href=\"http:\/\/www.aps.dz\/sport\/98697-mondial-de-yoseikan-budo-9-medailles-dont-3-en-or-pour-la-selection-algerienne?utm_source=feedburner&#038;utm_medium=feed&#038;utm_campaign=Feed%3A+aps-sport+%28APS+-+SPORT%29\">Cliquez ici pour lire l&rsquo;article depuis sa source.<\/a><\/p>\n","protected":false},"excerpt":{"rendered":"<p>ALGER &#8211; L&rsquo;\u00e9quipe alg\u00e9rienne de yoseikan budo a remport\u00e9 neuf m\u00e9dailles dont trois en or au Mondial de la discipline cl\u00f4tur\u00e9 dimanche \u00e0 Paris (France), a indiqu\u00e9 le pr\u00e9sident du Comit\u00e9 national de yoseikan budo, Ma\u00eetre Salah Mouhoub. Les trois titres mondiaux remport\u00e9s par l&rsquo;Alg\u00e9rie qui a particip\u00e9 avec 13 athl\u00e8tes dont trois filles, ont [&hellip;]<\/p>\n","protected":false},"author":1790,"featured_media":0,"comment_status":"closed","ping_status":"closed","sticky":false,"template":"","format":"standard","meta":{"fifu_image_url":"","fifu_image_alt":"","footnotes":""},"categories":[53,75],"tags":[],"class_list":["post-69741","post","type-post","status-publish","format-standard","hentry","category-algerie","category-sport"],"_links":{"self":[{"href":"https:\/\/linitiative.ca\/International\/wp-json\/wp\/v2\/posts\/69741","targetHints":{"allow":["GET"]}}],"collection":[{"href":"https:\/\/linitiative.ca\/International\/wp-json\/wp\/v2\/posts"}],"about":[{"href":"https:\/\/linitiative.ca\/International\/wp-json\/wp\/v2\/types\/post"}],"author":[{"embeddable":true,"href":"https:\/\/linitiative.ca\/International\/wp-json\/wp\/v2\/users\/1790"}],"replies":[{"embeddable":true,"href":"https:\/\/linitiative.ca\/International\/wp-json\/wp\/v2\/comments?post=69741"}],"version-history":[{"count":0,"href":"https:\/\/linitiative.ca\/International\/wp-json\/wp\/v2\/posts\/69741\/revisions"}],"wp:attachment":[{"href":"https:\/\/linitiative.ca\/International\/wp-json\/wp\/v2\/media?parent=69741"}],"wp:term":[{"taxonomy":"category","embeddable":true,"href":"https:\/\/linitiative.ca\/International\/wp-json\/wp\/v2\/categories?post=69741"},{"taxonomy":"post_tag","embeddable":true,"href":"https:\/\/linitiative.ca\/International\/wp-json\/wp\/v2\/tags?post=69741"}],"curies":[{"name":"wp","href":"https:\/\/api.w.org\/{rel}","templated":true}]}}