{"id":69743,"date":"2019-12-09T09:04:41","date_gmt":"2019-12-09T14:04:41","guid":{"rendered":"https:\/\/linitiative.ca\/International\/98706-handi-basket-afro-paralympiques-2020-l-afrique-du-sud-obtient-l-organisation-du-tournoi\/"},"modified":"2019-12-09T09:04:41","modified_gmt":"2019-12-09T14:04:41","slug":"98706-handi-basket-afro-paralympiques-2020-l-afrique-du-sud-obtient-l-organisation-du-tournoi","status":"publish","type":"post","link":"https:\/\/linitiative.ca\/International\/98706-handi-basket-afro-paralympiques-2020-l-afrique-du-sud-obtient-l-organisation-du-tournoi\/","title":{"rendered":"Handi-basket \/ Afro-paralympiques-2020: l&rsquo;Afrique du Sud obtient l&rsquo;organisation du tournoi"},"content":{"rendered":"<div readability=\"41\">\n<p><strong>PATTAYA (Tha\u00eflande)- Les qualifications Afro-paralympiques du handi-basket auront lieu en Afrique du Sud (4-14 mars 2020), qui a \u00e9t\u00e9 pr\u00e9f\u00e9r\u00e9e \u00e0 l&rsquo;Alg\u00e9rie et au Maroc, deux autres candidats \u00e0 l&rsquo;organisation de l&rsquo;\u00e9v\u00e8nement, d\u00e9cid\u00e9, apr\u00e8s l&rsquo;annulation des premiers Jeux para-africains, initialement pr\u00e9vus au Maroc en janvier prochain, a indiqu\u00e9 un communiqu\u00e9 la F\u00e9d\u00e9ration internationale de basket-ball sur fauteuils (IWBF) .<\/strong><\/p>\n<\/div>\n<div readability=\"85.5\">\n<p>\u00a0\u00bb Le tournoi des qualifications, zone Afrique, pour les Jeux Paralympiques de Tokyo-2020 du handi-basket se jouera en Afrique du Sud, apr\u00e8s l&rsquo;annulation des para-Games africains que le Maroc devait abriter en janvier prochain\u00a0\u00bb, a indiqu\u00e9 l&rsquo;IWBF, ajoutant que la d\u00e9cision a \u00e9t\u00e9 prise par le Conseil ex\u00e9cutif de l&rsquo;IWBF, lors de sa r\u00e9union tenue samedi \u00e0 Pattaya, Tha\u00eflande, apr\u00e8s le traitement des trois offres des parties int\u00e9ress\u00e9es pour accueillir le tournoi de qualification.<\/p>\n<blockquote readability=\"10\">\n<p><em><strong>Le tournoi qui devrait regrouper un minimum de quatre \u00e9quipes africaines chez les hommes et les dames (condition sine qua non) pour la tenue de la comp\u00e9tition, permettra de d\u00e9signer les repr\u00e9sentants du continent africain au rendez-vous paralympique de Tokyo, sachant que les champions messieurs et dames iront\u00a0 aux JO2020.<\/strong><\/em><\/p>\n<\/blockquote>\n<p>A l&rsquo;issue de ce choix, le pr\u00e9sident de la f\u00e9d\u00e9ration sud-africaine de handi-basketball, Craig Moorgas s&rsquo;est dit ravi de cet honneur, a d\u00e9clarant:<\/p>\n<p>\u00ab\u00a0nous sommes ravis de pouvoir accueillir le tournoi de qualification de la Zone Afrique dans un d\u00e9lai aussi court. Nous avons un long h\u00e9ritage dans l&rsquo;organisation des \u00e9v\u00e9nements de classe mondiale et nous esp\u00e9rons pouvoir le prouver encore une fois, \u00e0 Johannesburg l&rsquo;ann\u00e9e prochaine\u00a0\u00bb.<\/p>\n<blockquote readability=\"10\">\n<p><em><strong>Selon les observateurs, la F\u00e9d\u00e9ration alg\u00e9rienne handisport (FAH) a postul\u00e9, en retard, pour abriter le tournoi de handi-basket, par apport aux Maroc et l&rsquo;Afrique du Sud.<\/strong><\/em><\/p>\n<\/blockquote>\n<p>\u00a0\u00bb Comme le Maroc a \u00e9t\u00e9 exclu de la course par l&rsquo;IWBF, apr\u00e8s son d\u00e9sistement \u00e0 organiser les Jeux Para-Africains qui devaient permettre de d\u00e9signer les repr\u00e9sentants africains en handi-basket pour le rendez-vous de Tokyo, le choix du dossier des Sud-africains pour l&rsquo;organisation du tournoi africain en mars prochain, \u00e9tait tout indiqu\u00e9\u00a0\u00bb, a ajout\u00e9 la m\u00eame source.<\/p>\n<blockquote readability=\"10\">\n<p><em><strong>Si la F\u00e9d\u00e9ration alg\u00e9rienne handisport (FAH) a perdu son premier pari \u00e0 abriter les qualifications du handi-basket, zone Afrique, elle reste en course pour arracher l&rsquo;organisation du tournoi Afro-paralympique de goal-ball (messieurs et dames), lui aussi qualificatif\u00a0 pour Tokyo-2020.<\/strong><\/em><\/p>\n<\/blockquote>\n<p>\u00a0\u00bb Nous sommes candidats avec l&rsquo;Egypte pour le tournoi de goal-ball (messieurs et dames). Le tournoi d\u00e9signera les deux repr\u00e9sentants de l&rsquo;Afrique aux Jeux Paralympiques-2020&Prime;, avait indiqu\u00e9 le pr\u00e9sident de l&rsquo;instance f\u00e9d\u00e9rale, Mohamed Hachefa.<\/p>\n<p>La date de rigueur pour la demande d&rsquo;organisation du Championnat de goal-ball a \u00e9t\u00e9 fix\u00e9e au 16 d\u00e9cembre, alors que le tournoi est pr\u00e9vu avant la fin du mois de f\u00e9vrier prochain, selon l&rsquo;IBSA (l&rsquo;Association internationale des Sports pour visuels).<\/p>\n<\/div>\n<p>Auteur:<br \/>\n<a href=\"http:\/\/www.aps.dz\/sport\/98706-handi-basket-afro-paralympiques-2020-l-afrique-du-sud-obtient-l-organisation-du-tournoi?utm_source=feedburner&#038;utm_medium=feed&#038;utm_campaign=Feed%3A+aps-sport+%28APS+-+SPORT%29\">Cliquez ici pour lire l&rsquo;article depuis sa source.<\/a><\/p>\n","protected":false},"excerpt":{"rendered":"<p>PATTAYA (Tha\u00eflande)- Les qualifications Afro-paralympiques du handi-basket auront lieu en Afrique du Sud (4-14 mars 2020), qui a \u00e9t\u00e9 pr\u00e9f\u00e9r\u00e9e \u00e0 l&rsquo;Alg\u00e9rie et au Maroc, deux autres candidats \u00e0 l&rsquo;organisation de l&rsquo;\u00e9v\u00e8nement, d\u00e9cid\u00e9, apr\u00e8s l&rsquo;annulation des premiers Jeux para-africains, initialement pr\u00e9vus au Maroc en janvier prochain, a indiqu\u00e9 un communiqu\u00e9 la F\u00e9d\u00e9ration internationale de basket-ball [&hellip;]<\/p>\n","protected":false},"author":1790,"featured_media":0,"comment_status":"closed","ping_status":"closed","sticky":false,"template":"","format":"standard","meta":{"fifu_image_url":"","fifu_image_alt":"","footnotes":""},"categories":[53,75],"tags":[],"class_list":["post-69743","post","type-post","status-publish","format-standard","hentry","category-algerie","category-sport"],"_links":{"self":[{"href":"https:\/\/linitiative.ca\/International\/wp-json\/wp\/v2\/posts\/69743","targetHints":{"allow":["GET"]}}],"collection":[{"href":"https:\/\/linitiative.ca\/International\/wp-json\/wp\/v2\/posts"}],"about":[{"href":"https:\/\/linitiative.ca\/International\/wp-json\/wp\/v2\/types\/post"}],"author":[{"embeddable":true,"href":"https:\/\/linitiative.ca\/International\/wp-json\/wp\/v2\/users\/1790"}],"replies":[{"embeddable":true,"href":"https:\/\/linitiative.ca\/International\/wp-json\/wp\/v2\/comments?post=69743"}],"version-history":[{"count":0,"href":"https:\/\/linitiative.ca\/International\/wp-json\/wp\/v2\/posts\/69743\/revisions"}],"wp:attachment":[{"href":"https:\/\/linitiative.ca\/International\/wp-json\/wp\/v2\/media?parent=69743"}],"wp:term":[{"taxonomy":"category","embeddable":true,"href":"https:\/\/linitiative.ca\/International\/wp-json\/wp\/v2\/categories?post=69743"},{"taxonomy":"post_tag","embeddable":true,"href":"https:\/\/linitiative.ca\/International\/wp-json\/wp\/v2\/tags?post=69743"}],"curies":[{"name":"wp","href":"https:\/\/api.w.org\/{rel}","templated":true}]}}