{"id":69744,"date":"2019-12-09T12:28:00","date_gmt":"2019-12-09T17:28:00","guid":{"rendered":"https:\/\/linitiative.ca\/International\/98721-football-report-de-toutes-les-competitions-jusqu-au-15-decembre\/"},"modified":"2019-12-09T12:28:00","modified_gmt":"2019-12-09T17:28:00","slug":"98721-football-report-de-toutes-les-competitions-jusqu-au-15-decembre","status":"publish","type":"post","link":"https:\/\/linitiative.ca\/International\/98721-football-report-de-toutes-les-competitions-jusqu-au-15-decembre\/","title":{"rendered":"Football: report de toutes les comp\u00e9titions jusqu&rsquo;au 15 d\u00e9cembre"},"content":{"rendered":"<div readability=\"27.6907216495\">\n<p><strong>ALGER &#8211; Toutes les comp\u00e9titions et manifestations footballistiques sont report\u00e9es jusqu\u2019au 15 d\u00e9cembre, a annonc\u00e9 lundi la <a href=\"http:\/\/www.faf.dz\/report-de-toutes-les-competitions-et-manifestations-footballistiques\/\" target=\"_blank\" rel=\"noopener noreferrer\">F\u00e9d\u00e9ration alg\u00e9rienne de football<\/a> (FAF) sur son site officiel.<\/strong><\/p>\n<\/div>\n<div readability=\"60\">\n<p>\u00ab\u00a0La FAF porte \u00e0 la connaissance de toutes les Ligues, des clubs, et du grand public, que toutes les comp\u00e9titions et manifestations footballistiques sont report\u00e9es du lundi 9 d\u00e9cembre \u00e0 minuit jusqu&rsquo;au 15 du m\u00eame mois \u00e0 6h00\u00a0\u00bb, a indiqu\u00e9 l&rsquo;instance f\u00e9d\u00e9rale dans un communiqu\u00e9, pr\u00e9cisant que cette d\u00e9cision a \u00e9t\u00e9 prise conform\u00e9ment \u00e0 un arr\u00eat\u00e9 du minist\u00e8re de la Jeunesse et des Sports.<\/p>\n<blockquote readability=\"5\">\n<p><em><strong>Le report est li\u00e9 \u00e0 l&rsquo;organisation de l&rsquo;\u00e9lection pr\u00e9sidentielle jeudi prochain.<\/strong><\/em><\/p>\n<\/blockquote>\n<p>Du coup, le match JS Kabylie &#8211; MC Oran, comptant pour la mise \u00e0 jour de la 13e journ\u00e9e du championnat de Ligue 1, pr\u00e9vu initialement mardi au stade du 1er-Novembre de Tizi-Ouzou, est report\u00e9 \u00e0 une date ult\u00e9rieure.<\/p>\n<p>La 14e journ\u00e9e de Ligue 2, qui devait se jouer initialement samedi dernier puis a \u00e9t\u00e9 report\u00e9e au 14 d\u00e9cembre, n&rsquo;aura finalement pas lieu \u00e0 cette date.<\/p>\n<p>Cette d\u00e9cision concerne \u00e9galement le match de basket-ball entre le GS P\u00e9troliers et le GS Cosider de la mise \u00e0 jour du calendrier du Championnat d&rsquo;Alg\u00e9rie, Division nationale 1 dames, programm\u00e9 initialement mardi (18h00) \u00e0 la salle d&rsquo;Hydra (Alger).<\/p>\n<\/div>\n<p>Auteur:<br \/>\n<a href=\"http:\/\/www.aps.dz\/sport\/98721-football-report-de-toutes-les-competitions-jusqu-au-15-decembre?utm_source=feedburner&#038;utm_medium=feed&#038;utm_campaign=Feed%3A+aps-sport+%28APS+-+SPORT%29\">Cliquez ici pour lire l&rsquo;article depuis sa source.<\/a><\/p>\n","protected":false},"excerpt":{"rendered":"<p>ALGER &#8211; Toutes les comp\u00e9titions et manifestations footballistiques sont report\u00e9es jusqu\u2019au 15 d\u00e9cembre, a annonc\u00e9 lundi la F\u00e9d\u00e9ration alg\u00e9rienne de football (FAF) sur son site officiel. \u00ab\u00a0La FAF porte \u00e0 la connaissance de toutes les Ligues, des clubs, et du grand public, que toutes les comp\u00e9titions et manifestations footballistiques sont report\u00e9es du lundi 9 d\u00e9cembre [&hellip;]<\/p>\n","protected":false},"author":1790,"featured_media":0,"comment_status":"closed","ping_status":"closed","sticky":false,"template":"","format":"standard","meta":{"fifu_image_url":"","fifu_image_alt":"","footnotes":""},"categories":[53,75],"tags":[],"class_list":["post-69744","post","type-post","status-publish","format-standard","hentry","category-algerie","category-sport"],"_links":{"self":[{"href":"https:\/\/linitiative.ca\/International\/wp-json\/wp\/v2\/posts\/69744","targetHints":{"allow":["GET"]}}],"collection":[{"href":"https:\/\/linitiative.ca\/International\/wp-json\/wp\/v2\/posts"}],"about":[{"href":"https:\/\/linitiative.ca\/International\/wp-json\/wp\/v2\/types\/post"}],"author":[{"embeddable":true,"href":"https:\/\/linitiative.ca\/International\/wp-json\/wp\/v2\/users\/1790"}],"replies":[{"embeddable":true,"href":"https:\/\/linitiative.ca\/International\/wp-json\/wp\/v2\/comments?post=69744"}],"version-history":[{"count":0,"href":"https:\/\/linitiative.ca\/International\/wp-json\/wp\/v2\/posts\/69744\/revisions"}],"wp:attachment":[{"href":"https:\/\/linitiative.ca\/International\/wp-json\/wp\/v2\/media?parent=69744"}],"wp:term":[{"taxonomy":"category","embeddable":true,"href":"https:\/\/linitiative.ca\/International\/wp-json\/wp\/v2\/categories?post=69744"},{"taxonomy":"post_tag","embeddable":true,"href":"https:\/\/linitiative.ca\/International\/wp-json\/wp\/v2\/tags?post=69744"}],"curies":[{"name":"wp","href":"https:\/\/api.w.org\/{rel}","templated":true}]}}