{"id":69746,"date":"2019-12-09T10:57:00","date_gmt":"2019-12-09T15:57:00","guid":{"rendered":"https:\/\/linitiative.ca\/International\/oran-arrestation-de-dealers-et-saisie-de-kif-et-de-psychotropes\/"},"modified":"2019-12-09T10:57:00","modified_gmt":"2019-12-09T15:57:00","slug":"oran-arrestation-de-dealers-et-saisie-de-kif-et-de-psychotropes","status":"publish","type":"post","link":"https:\/\/linitiative.ca\/International\/oran-arrestation-de-dealers-et-saisie-de-kif-et-de-psychotropes\/","title":{"rendered":"ORAN : Arrestation de dealers et saisie de kif et de psychotropes"},"content":{"rendered":"<p><br id=\"sep_para_1\" class=\"sep_para access\"\/><\/p>\n<div id=\"para_1\" class=\"para_34433785 resize\">\n<div class=\"texte access firstletter\">L&rsquo;ensemble des quartiers populeux de la ville d&rsquo;Oran sont envahis par la commercialisation des psychotropes et du kif trait\u00e9, m\u00eame les CEM et les lyc\u00e9es ne sont pas \u00e9pargn\u00e9s par ce trafic de drogue qui est entrain de prendre de l&rsquo;ampleur \u00e0 Oran, et il ne se passe pas un jour, o\u00f9 les \u00e9l\u00e9ments de la brigade de gendarmerie et de police ne tombent sur ces bandes organis\u00e9es sp\u00e9cialis\u00e9s dans la commercialisation de stup\u00e9fiants et de produits psychotropes. Quatre membres du groupe ont \u00e9t\u00e9 arr\u00eat\u00e9s lors d&rsquo;une op\u00e9ration de contr\u00f4le et 43 grammes de r\u00e9sine de cannabis a \u00e9t\u00e9 saisie ainsi qu\u2019une somme d\u2019argent estim\u00e9e \u00e0 63.000 dinars. L\u2019op\u00e9ration d\u2019interpellation est intervenue suite \u00e0 des informations\u00a0 parvenues aux\u00a0 enqu\u00eateurs lors de leurs investigations, notamment sur l\u2019identit\u00e9 et les activit\u00e9s des mis en cause. Un premier suspect \u00e2g\u00e9 de 63 ans, d\u00e9j\u00e0 connu des services de police en raison de ses ant\u00e9c\u00e9dents judiciaires, a \u00e9t\u00e9 arr\u00eat\u00e9, alors qu\u2019il activait au niveau du quartier d\u2019Eckm\u00fchl o\u00f9 il fourguait son poison dans le milieu des jeunes. La perquisition de son domicile a permis aux enqu\u00eateurs, la d\u00e9couverte de 16 b\u00e2tonnets de kif et une plaquette de comprim\u00e9s psychotropes en plus d\u2019une somme de 42.000 dinars. Les investigations ont fait savoir que le mis en cause utilisait un mineur pour revendre sa marchandise, moyennant une contrepartie financi\u00e8re de l\u2019ordre de 15.000 dinars. Deux autres complices \u00e2g\u00e9s de 35 et 54 ans ont \u00e9t\u00e9 arr\u00eat\u00e9s \u00e0 leur tour. Une fois la proc\u00e9dure termin\u00e9e, tous les mis en cause ont \u00e9t\u00e9 pr\u00e9sent\u00e9s par devant le magistrat instructeur pr\u00e8s du tribunal de la cit\u00e9 Djamel pour les chefs d&rsquo;inculpation de trafic de drogue et de psychotropes, ont fait l&rsquo;objet de d\u00e9tention pr\u00e9ventive en attendant leur comparution en audience. Toujours dans\u00a0 le m\u00eame cadre de lutte contre le trafic de stup\u00e9fiants, les \u00e9l\u00e9ments de la 17\u00e8me s\u00fbret\u00e9 urbaine ont proc\u00e9d\u00e9 \u00e0 l\u2019interpellation d\u2019un dealer qui activait au niveau du quartier populaire de St Pierre. Le mis en cause \u00e2g\u00e9 de 49 ans, \u00e9tait d\u00e9j\u00e0 surveill\u00e9 par les \u00e9l\u00e9ments de police. La perquisition de son domicile a permis la d\u00e9couverte de 20 barrettes de r\u00e9sine de cannabis pr\u00eates \u00e0 la revente ainsi que 26 comprim\u00e9s psychotropes et une arme blanche. Le mis en cause a \u00e9t\u00e9 \u00e9crou\u00e9 par le magistrat instructeur pr\u00e8s le tribunal d&rsquo;Oran. Au niveau de s\u00fbret\u00e9 de da\u00efra d\u2019Es-S\u00e9nia, les \u00e9l\u00e9ments de police judiciaire \u00e9troite en collaboration avec leurs coll\u00e8gues de la 27\u00e8me s\u00fbret\u00e9 urbaine ont proc\u00e9d\u00e9 \u00e0 la neutralisation de trois dealers et \u00e0 la saisie de 106 comprim\u00e9s psychotropes et des armes blanches. Les trois mis en cause ont \u00e9t\u00e9 pr\u00e9sent\u00e9s et \u00e9crou\u00e9s par le magistrat instructeur pr\u00e8s le tribunal de la da\u00efra d&rsquo;Es-Senia pour les griefs qui leur ont \u00e9t\u00e9 reproch\u00e9s.\u00a0\u00a0\u00a0\u00a0<\/div>\n<\/div>\n<p>Auteur: Medjadji H.<br \/>\n<a href=\"https:\/\/www.reflexiondz.net\/ORAN-Arrestation-de-dealers-et-saisie-de-kif-et-de-psychotropes_a59294.html\">Cliquez ici pour lire l&rsquo;article depuis sa source.<\/a><\/p>\n","protected":false},"excerpt":{"rendered":"<p>L&rsquo;ensemble des quartiers populeux de la ville d&rsquo;Oran sont envahis par la commercialisation des psychotropes et du kif trait\u00e9, m\u00eame les CEM et les lyc\u00e9es ne sont pas \u00e9pargn\u00e9s par ce trafic de drogue qui est entrain de prendre de l&rsquo;ampleur \u00e0 Oran, et il ne se passe pas un jour, o\u00f9 les \u00e9l\u00e9ments de [&hellip;]<\/p>\n","protected":false},"author":1740,"featured_media":0,"comment_status":"closed","ping_status":"closed","sticky":false,"template":"","format":"standard","meta":{"fifu_image_url":"","fifu_image_alt":"","footnotes":""},"categories":[53,76],"tags":[],"class_list":["post-69746","post","type-post","status-publish","format-standard","hentry","category-algerie","category-regions"],"_links":{"self":[{"href":"https:\/\/linitiative.ca\/International\/wp-json\/wp\/v2\/posts\/69746","targetHints":{"allow":["GET"]}}],"collection":[{"href":"https:\/\/linitiative.ca\/International\/wp-json\/wp\/v2\/posts"}],"about":[{"href":"https:\/\/linitiative.ca\/International\/wp-json\/wp\/v2\/types\/post"}],"author":[{"embeddable":true,"href":"https:\/\/linitiative.ca\/International\/wp-json\/wp\/v2\/users\/1740"}],"replies":[{"embeddable":true,"href":"https:\/\/linitiative.ca\/International\/wp-json\/wp\/v2\/comments?post=69746"}],"version-history":[{"count":0,"href":"https:\/\/linitiative.ca\/International\/wp-json\/wp\/v2\/posts\/69746\/revisions"}],"wp:attachment":[{"href":"https:\/\/linitiative.ca\/International\/wp-json\/wp\/v2\/media?parent=69746"}],"wp:term":[{"taxonomy":"category","embeddable":true,"href":"https:\/\/linitiative.ca\/International\/wp-json\/wp\/v2\/categories?post=69746"},{"taxonomy":"post_tag","embeddable":true,"href":"https:\/\/linitiative.ca\/International\/wp-json\/wp\/v2\/tags?post=69746"}],"curies":[{"name":"wp","href":"https:\/\/api.w.org\/{rel}","templated":true}]}}