{"id":69750,"date":"2019-12-09T14:03:00","date_gmt":"2019-12-09T19:03:00","guid":{"rendered":"https:\/\/linitiative.ca\/International\/ain-nouissy-mostaganem-leffondrement-dun-mur-provoque-la-mort-dun-quinquagenaire\/"},"modified":"2019-12-09T14:03:00","modified_gmt":"2019-12-09T19:03:00","slug":"ain-nouissy-mostaganem-leffondrement-dun-mur-provoque-la-mort-dun-quinquagenaire","status":"publish","type":"post","link":"https:\/\/linitiative.ca\/International\/ain-nouissy-mostaganem-leffondrement-dun-mur-provoque-la-mort-dun-quinquagenaire\/","title":{"rendered":"AIN NOUISSY \u2013 MOSTAGANEM : L\u2019effondrement d\u2019un mur provoque la mort d\u2019un quinquag\u00e9naire"},"content":{"rendered":"<p><br id=\"sep_para_1\" class=\"sep_para access\"\/><\/p>\n<div id=\"para_1\" class=\"para_34436530 resize\">\n<div class=\"photo shadow left\"><a href=\"javascript:void(0)\" rel=\"https:\/\/www.reflexiondz.net\/photo\/art\/grande\/40610459-34436530.jpg?v=1575919382&#038;ibox\" title=\"AIN NOUISSY \u2013 MOSTAGANEM : L\u2019effondrement d\u2019un mur provoque la mort d\u2019un quinquag\u00e9naire\"><img decoding=\"async\" class=\"responsive c9\" src=\"https:\/\/www.reflexiondz.net\/photo\/art\/grande\/40610459-34436530.jpg?v=1575919382\" alt=\"AIN NOUISSY \u2013 MOSTAGANEM : L\u2019effondrement d\u2019un mur provoque la mort d\u2019un quinquag\u00e9naire\" title=\"AIN NOUISSY \u2013 MOSTAGANEM : L\u2019effondrement d\u2019un mur provoque la mort d\u2019un quinquag\u00e9naire\"\/><img decoding=\"async\" class=\"not-responsive\" src=\"https:\/\/www.reflexiondz.net\/photo\/art\/default\/40610459-34436530.jpg?v=1575919386\" alt=\"AIN NOUISSY \u2013 MOSTAGANEM : L\u2019effondrement d\u2019un mur provoque la mort d\u2019un quinquag\u00e9naire\" title=\"AIN NOUISSY \u2013 MOSTAGANEM : L\u2019effondrement d\u2019un mur provoque la mort d\u2019un quinquag\u00e9naire\"\/><\/a><\/div>\n<div class=\"texte access firstletter\">Un quinquag\u00e9naire de la commune d\u2019Ain Nouissy est mort dans un accident,\u00a0 alors qu\u2019il travaillait dans une op\u00e9ration de d\u00e9molition d\u2019un mur au niveau de sa demeure. En effet, cet accident a eu lieu durant\u00a0 l\u2019apr\u00e8s midi de ce\u00a0 vendredi\u00a0 quand\u00a0 la victime a entrepris des travaux de d\u00e9molition du mur.\u00a0 Un pan de ce rempart s\u2019effondra sur\u00a0 une partie de son corps lui causant des blessures profondes. Alert\u00e9s, les \u00e9l\u00e9ments de la protection civile, sont intervenus\u00a0 pour transf\u00e9rer la victime vers les\u00a0 urgences m\u00e9dicales.\u00a0 La victime n\u2019a pu r\u00e9sister \u00e0 ses blessures, elle a rendu l\u2019\u00e2me.\u00a0\u00a0\u00a0\u00a0\u00a0<\/div>\n<\/div>\n<p>Auteur: G.Yacine<br \/>\n<a href=\"https:\/\/www.reflexiondz.net\/AIN-NOUISSY-MOSTAGANEM-L-effondrement-d-un-mur-provoque-la-mort-d-un-quinquagenaire_a59310.html\">Cliquez ici pour lire l&rsquo;article depuis sa source.<\/a><\/p>\n","protected":false},"excerpt":{"rendered":"<p>Un quinquag\u00e9naire de la commune d\u2019Ain Nouissy est mort dans un accident,\u00a0 alors qu\u2019il travaillait dans une op\u00e9ration de d\u00e9molition d\u2019un mur au niveau de sa demeure. En effet, cet accident a eu lieu durant\u00a0 l\u2019apr\u00e8s midi de ce\u00a0 vendredi\u00a0 quand\u00a0 la victime a entrepris des travaux de d\u00e9molition du mur.\u00a0 Un pan de ce [&hellip;]<\/p>\n","protected":false},"author":1740,"featured_media":0,"comment_status":"closed","ping_status":"closed","sticky":false,"template":"","format":"standard","meta":{"fifu_image_url":"","fifu_image_alt":"","footnotes":""},"categories":[53,76],"tags":[],"class_list":["post-69750","post","type-post","status-publish","format-standard","hentry","category-algerie","category-regions"],"_links":{"self":[{"href":"https:\/\/linitiative.ca\/International\/wp-json\/wp\/v2\/posts\/69750","targetHints":{"allow":["GET"]}}],"collection":[{"href":"https:\/\/linitiative.ca\/International\/wp-json\/wp\/v2\/posts"}],"about":[{"href":"https:\/\/linitiative.ca\/International\/wp-json\/wp\/v2\/types\/post"}],"author":[{"embeddable":true,"href":"https:\/\/linitiative.ca\/International\/wp-json\/wp\/v2\/users\/1740"}],"replies":[{"embeddable":true,"href":"https:\/\/linitiative.ca\/International\/wp-json\/wp\/v2\/comments?post=69750"}],"version-history":[{"count":0,"href":"https:\/\/linitiative.ca\/International\/wp-json\/wp\/v2\/posts\/69750\/revisions"}],"wp:attachment":[{"href":"https:\/\/linitiative.ca\/International\/wp-json\/wp\/v2\/media?parent=69750"}],"wp:term":[{"taxonomy":"category","embeddable":true,"href":"https:\/\/linitiative.ca\/International\/wp-json\/wp\/v2\/categories?post=69750"},{"taxonomy":"post_tag","embeddable":true,"href":"https:\/\/linitiative.ca\/International\/wp-json\/wp\/v2\/tags?post=69750"}],"curies":[{"name":"wp","href":"https:\/\/api.w.org\/{rel}","templated":true}]}}