{"id":69766,"date":"2019-12-09T11:42:21","date_gmt":"2019-12-09T16:42:21","guid":{"rendered":"https:\/\/linitiative.ca\/International\/obaid-bin-humaid-al-tayer-nomme-nouveau-vice-president-du-conseil-de-surveillance-de-maroc-telecom\/"},"modified":"2019-12-09T11:42:21","modified_gmt":"2019-12-09T16:42:21","slug":"obaid-bin-humaid-al-tayer-nomme-nouveau-vice-president-du-conseil-de-surveillance-de-maroc-telecom","status":"publish","type":"post","link":"https:\/\/linitiative.ca\/International\/obaid-bin-humaid-al-tayer-nomme-nouveau-vice-president-du-conseil-de-surveillance-de-maroc-telecom\/","title":{"rendered":"Obaid Bin Humaid Al Tayer nomm\u00e9 nouveau vice-pr\u00e9sident du conseil de surveillance de Maroc Telecom"},"content":{"rendered":"<p><strong>Il s\u2019agit de l\u2019actuel pr\u00e9sident d\u2019Etisalat Group, l\u2019op\u00e9rateur historique des t\u00e9l\u00e9communications aux \u00c9mirats arabes unis.<\/strong><\/p>\n<div class=\"c10\"\/>\n<p>Un nouveau membre rejoint le conseil de surveillance de <strong>Maroc Telecom<\/strong>. R\u00e9uni le vendredi 6 d\u00e9cembre 2019, le conseil a coopt\u00e9 Obaid Bin Humaid Al Tayer en qualit\u00e9 de vice-pr\u00e9sident.<\/p>\n<p><strong>Obaid Bin Humaid Al Tayer<\/strong> est l\u2019actuel pr\u00e9sident d\u2019Etisalat Group et ministre d\u2019\u00c9tat aux Affaires financi\u00e8res des \u00c9mirats arabes unis. Il est titulaire d\u2019un Bachelor en g\u00e9nie \u00e9lectrique de l\u2019Universit\u00e9 du Colorado aux \u00c9tats Unis.<\/p>\n<p>Obaid Bin Humaid Al Tayer \u00e9tait membre du conseil d\u2019administration d\u2019Etisalat de 1981 \u00e0 1991 et a \u00e9galement occup\u00e9 plusieurs postes cl\u00e9s, notamment ceux de pr\u00e9sident de la Chambre de Commerce et d\u2019Industrie de Duba\u00ef et de membre du Conseil \u00e9conomique de Duba\u00ef.<\/p>\n<p>Lire aussi : <a href=\"https:\/\/www.challenge.ma\/maroc-telecom-progression-de-10-des-abonnes-120780\/\" target=\"_blank\" rel=\"noreferrer noopener\" aria-label=\" (s\u2019ouvre dans un nouvel onglet)\">Maroc Telecom : progression de 10% des abonn\u00e9s<\/a><\/p>\n<p>Il remplace Eissa Mohamed Ghanem Al Suwaidi comme vice-pr\u00e9sident du conseil de surveillance de Maroc Telecom. Ce dernier a remerci\u00e9 \u00e0 cette occasion Mohamed Ghanem Al Suwaidi pour l\u2019engagement dont il a fait preuve durant son mandat.<\/p>\n<div class=\"c17\">\n<fieldset class=\"c16\">\n<legend><strong><span class=\"c11\">Challenge<\/span><span class=\"c12\">news<\/span><\/strong><\/legend>\n<div class=\"c15\">Le meilleur de Challenge s\u00e9lectionn\u00e9 par la r\u00e9daction :<\/p>\n<\/div>\n<\/fieldset>\n<\/div>\n<p>Auteur: challenge<br \/>\n<a href=\"https:\/\/www.challenge.ma\/obaid-bin-humaid-al-tayer-nomme-nouveau-vice-president-du-conseil-de-surveillance-de-maroc-telecom-125209\/\">Cliquez ici pour lire l&rsquo;article depuis sa source.<\/a><\/p>\n","protected":false},"excerpt":{"rendered":"<p>Il s\u2019agit de l\u2019actuel pr\u00e9sident d\u2019Etisalat Group, l\u2019op\u00e9rateur historique des t\u00e9l\u00e9communications aux \u00c9mirats arabes unis. Un nouveau membre rejoint le conseil de surveillance de Maroc Telecom. R\u00e9uni le vendredi 6 d\u00e9cembre 2019, le conseil a coopt\u00e9 Obaid Bin Humaid Al Tayer en qualit\u00e9 de vice-pr\u00e9sident. Obaid Bin Humaid Al Tayer est l\u2019actuel pr\u00e9sident d\u2019Etisalat Group [&hellip;]<\/p>\n","protected":false},"author":1787,"featured_media":0,"comment_status":"closed","ping_status":"closed","sticky":false,"template":"","format":"standard","meta":{"fifu_image_url":"","fifu_image_alt":"","footnotes":""},"categories":[78,54],"tags":[],"class_list":["post-69766","post","type-post","status-publish","format-standard","hentry","category-economie","category-maroc"],"_links":{"self":[{"href":"https:\/\/linitiative.ca\/International\/wp-json\/wp\/v2\/posts\/69766","targetHints":{"allow":["GET"]}}],"collection":[{"href":"https:\/\/linitiative.ca\/International\/wp-json\/wp\/v2\/posts"}],"about":[{"href":"https:\/\/linitiative.ca\/International\/wp-json\/wp\/v2\/types\/post"}],"author":[{"embeddable":true,"href":"https:\/\/linitiative.ca\/International\/wp-json\/wp\/v2\/users\/1787"}],"replies":[{"embeddable":true,"href":"https:\/\/linitiative.ca\/International\/wp-json\/wp\/v2\/comments?post=69766"}],"version-history":[{"count":0,"href":"https:\/\/linitiative.ca\/International\/wp-json\/wp\/v2\/posts\/69766\/revisions"}],"wp:attachment":[{"href":"https:\/\/linitiative.ca\/International\/wp-json\/wp\/v2\/media?parent=69766"}],"wp:term":[{"taxonomy":"category","embeddable":true,"href":"https:\/\/linitiative.ca\/International\/wp-json\/wp\/v2\/categories?post=69766"},{"taxonomy":"post_tag","embeddable":true,"href":"https:\/\/linitiative.ca\/International\/wp-json\/wp\/v2\/tags?post=69766"}],"curies":[{"name":"wp","href":"https:\/\/api.w.org\/{rel}","templated":true}]}}