{"id":69767,"date":"2019-12-09T14:20:17","date_gmt":"2019-12-09T19:20:17","guid":{"rendered":"https:\/\/linitiative.ca\/International\/tunisie-les-cinq-hommes-de-9alb-tounes-au-prochain-gouvernement\/"},"modified":"2019-12-09T14:20:17","modified_gmt":"2019-12-09T19:20:17","slug":"tunisie-les-cinq-hommes-de-9alb-tounes-au-prochain-gouvernement","status":"publish","type":"post","link":"https:\/\/linitiative.ca\/International\/tunisie-les-cinq-hommes-de-9alb-tounes-au-prochain-gouvernement\/","title":{"rendered":"Tunisie \u2013 Les cinq hommes de 9alb Tounes au prochain gouvernement"},"content":{"rendered":"<div class=\"post-cont-in left relative\">\n<div class=\"swp_social_panel swp_horizontal_panel swp_flat_fresh swp_default_full_color swp_individual_full_color swp_other_full_color scale-100 scale-\" data-min-width=\"1100\" data-float-color=\"#ffffff\" data-float=\"none\" data-float-mobile=\"none\" data-transition=\"slide\">\n<div class=\"nc_tweetContainer swp_share_button total_shares total_sharesalt\"><span class=\"swp_count\">105 <span class=\"swp_label\">Partages<\/span><\/span><\/div>\n<\/div>\n<p>Comme l\u2019avait annonc\u00e9 Tunisienumerique, l\u2019accord \u00ab\u00a0discret\u00a0\u00bb conclu entre Ennahdha et 9alb Tounes, autour de leur alliance pour former le prochain gouvernement, suite au retrait de tous les autres partis repr\u00e9sent\u00e9s\u00a0\u00e0 l\u2019ARP, stipule que 9alb Tounes propose des noms qui ne figurent pas parmi les leaders du parti, ou du moins, ne font pas partie de ses membres de premi\u00e8re lignes, pour soi-disant, les pr\u00e9senter comme personnalit\u00e9s ind\u00e9pendantes.<\/p>\n<div class=\"code-block code-block-1 c3\"><ins class=\"adsbygoogle c2\" data-ad-layout=\"in-article\" data-ad-format=\"fluid\" data-ad-client=\"ca-pub-2102118777505746\" data-ad-slot=\"7301775417\"\/> <\/div>\n<p>Tunisienumerique a publi\u00e9, <a href=\"https:\/\/www.tunisienumerique.com\/tunisie-exclusif-les-noms-des-personnalites-supposees-independantes-proposes-par-9alb-tounes\/\" target=\"_blank\" rel=\"noopener noreferrer\">en exclusivit\u00e9, hier, les noms de quatre personnalit\u00e9s propos\u00e9es par Nabil Karoui<\/a>, dans le cadre de cet accord, auxquels vient s\u2019ajouter, aujourd\u2019hui, un autre pr\u00e9tendant.<\/p>\n<p>A\u00a0Mohamed Fadhel Abdelkafi, ancien ministre du cabinet Chahed, Radhouane Ayara, ancien membre du gouvernement, Adel Khabthani et Mnaouar Ouertani, les deux gouverneurs limog\u00e9s par Chahed et r\u00e9cup\u00e9r\u00e9s par Karoui, vient s\u2019ajouter, aujourd\u2019hui, le nom de Adel Jarbou\u00ef, autre transfuge de l\u2019\u00e9quipe Youssef Chahed et Secr\u00e9taire d\u2019Etat aux Transports.<\/p>\n<p><strong>Que se passe-t-il en Tunisie?<\/strong><br \/>Nous expliquons sur notre <a href=\"https:\/\/www.youtube.com\/channel\/UCRzypVq0B_yBad5eGrwBx0Q?sub_confirmation=1\" target=\"_blank\" rel=\"noopener noreferrer\">cha\u00eene YouTube<\/a> . <a href=\"https:\/\/www.youtube.com\/channel\/UCRzypVq0B_yBad5eGrwBx0Q?sub_confirmation=1\" target=\"_blank\" rel=\"noopener noreferrer\">Abonnez-vous!<\/a><\/p>\n<div class=\"mvp-org-wrap mvp-org-logo\" itemprop=\"publisher\" itemscope=\"\" itemtype=\"https:\/\/schema.org\/Organization\"><img decoding=\"async\" src=\"https:\/\/www.tunisienumerique.com\/wp-content\/uploads\/2017\/02\/logo_tunisie_numerique.png\"\/><\/div>\n<div class=\"swp_social_panel swp_horizontal_panel swp_flat_fresh swp_default_full_color swp_individual_full_color swp_other_full_color scale-100 scale-\" data-min-width=\"1100\" data-float-color=\"#ffffff\" data-float=\"none\" data-float-mobile=\"none\" data-transition=\"slide\">\n<div class=\"nc_tweetContainer swp_share_button total_shares total_sharesalt\"><span class=\"swp_count\">105 <span class=\"swp_label\">Partages<\/span><\/span><\/div>\n<\/div>\n<div class=\"mvp-related-posts left relative\">\n<h4 class=\"post-header\"><span class=\"post-header\">Lire aussi<\/span><\/h4>\n<\/div>\n<\/div>\n<p>Auteur: LM<br \/>\n<a href=\"https:\/\/www.tunisienumerique.com\/tunisie-les-cinq-hommes-de-9alb-tounes-au-prochain-gouvernement\/\">Cliquez ici pour lire l&rsquo;article depuis sa source.<\/a><\/p>\n","protected":false},"excerpt":{"rendered":"<p>105 Partages Comme l\u2019avait annonc\u00e9 Tunisienumerique, l\u2019accord \u00ab\u00a0discret\u00a0\u00bb conclu entre Ennahdha et 9alb Tounes, autour de leur alliance pour former le prochain gouvernement, suite au retrait de tous les autres partis repr\u00e9sent\u00e9s\u00a0\u00e0 l\u2019ARP, stipule que 9alb Tounes propose des noms qui ne figurent pas parmi les leaders du parti, ou du moins, ne font pas [&hellip;]<\/p>\n","protected":false},"author":1789,"featured_media":69768,"comment_status":"closed","ping_status":"closed","sticky":false,"template":"","format":"standard","meta":{"fifu_image_url":"","fifu_image_alt":"","footnotes":""},"categories":[73,55],"tags":[],"class_list":["post-69767","post","type-post","status-publish","format-standard","has-post-thumbnail","hentry","category-actualite","category-tunisie"],"_links":{"self":[{"href":"https:\/\/linitiative.ca\/International\/wp-json\/wp\/v2\/posts\/69767","targetHints":{"allow":["GET"]}}],"collection":[{"href":"https:\/\/linitiative.ca\/International\/wp-json\/wp\/v2\/posts"}],"about":[{"href":"https:\/\/linitiative.ca\/International\/wp-json\/wp\/v2\/types\/post"}],"author":[{"embeddable":true,"href":"https:\/\/linitiative.ca\/International\/wp-json\/wp\/v2\/users\/1789"}],"replies":[{"embeddable":true,"href":"https:\/\/linitiative.ca\/International\/wp-json\/wp\/v2\/comments?post=69767"}],"version-history":[{"count":0,"href":"https:\/\/linitiative.ca\/International\/wp-json\/wp\/v2\/posts\/69767\/revisions"}],"wp:featuredmedia":[{"embeddable":true,"href":"https:\/\/linitiative.ca\/International\/wp-json\/"}],"wp:attachment":[{"href":"https:\/\/linitiative.ca\/International\/wp-json\/wp\/v2\/media?parent=69767"}],"wp:term":[{"taxonomy":"category","embeddable":true,"href":"https:\/\/linitiative.ca\/International\/wp-json\/wp\/v2\/categories?post=69767"},{"taxonomy":"post_tag","embeddable":true,"href":"https:\/\/linitiative.ca\/International\/wp-json\/wp\/v2\/tags?post=69767"}],"curies":[{"name":"wp","href":"https:\/\/api.w.org\/{rel}","templated":true}]}}