{"id":69769,"date":"2019-12-09T14:25:24","date_gmt":"2019-12-09T19:25:24","guid":{"rendered":"https:\/\/linitiative.ca\/International\/tunisie-arp-ennahdha-propose-la-majoration-des-tarifs-des-vignettes-auto-avant-de-retirer-la-proposition\/"},"modified":"2019-12-09T14:25:24","modified_gmt":"2019-12-09T19:25:24","slug":"tunisie-arp-ennahdha-propose-la-majoration-des-tarifs-des-vignettes-auto-avant-de-retirer-la-proposition","status":"publish","type":"post","link":"https:\/\/linitiative.ca\/International\/tunisie-arp-ennahdha-propose-la-majoration-des-tarifs-des-vignettes-auto-avant-de-retirer-la-proposition\/","title":{"rendered":"Tunisie \u2013 ARP\u00a0: Ennahdha propose la majoration des tarifs des vignettes auto, avant de retirer la proposition"},"content":{"rendered":"<div class=\"post-cont-in left relative\">\n<div class=\"swp_social_panel swp_horizontal_panel swp_flat_fresh swp_default_full_color swp_individual_full_color swp_other_full_color scale-100 scale-\" data-min-width=\"1100\" data-float-color=\"#ffffff\" data-float=\"none\" data-float-mobile=\"none\" data-transition=\"slide\">\n<div class=\"nc_tweetContainer swp_share_button total_shares total_sharesalt\"><span class=\"swp_count\">84 <span class=\"swp_label\">Partages<\/span><\/span><\/div>\n<\/div>\n<p>Le bloc parlementaire Ennahdha, n\u2019a rien trouv\u00e9 de mieux \u00e0 faire, ce lundi, que de proposer l\u2019ajout d\u2019un articles au PLF de 2020, stipulant la majoration des prix des vignettes automobiles de plus de sept chevaux fiscaux, utilitaires ou de tourisme.<\/p>\n<div class=\"code-block code-block-1 c3\"><ins class=\"adsbygoogle c2\" data-ad-layout=\"in-article\" data-ad-format=\"fluid\" data-ad-client=\"ca-pub-2102118777505746\" data-ad-slot=\"7301775417\"\/> <\/div>\n<p>La proposition pr\u00e9voyait une majoration de\u00a0:<\/p>\n<p>40% pour les v\u00e9hicules de 8 et 9 CV;<\/p>\n<p>50% pour les v\u00e9hicules de 10 et 11 CV;<\/p>\n<p>75% pour les v\u00e9hicules de 12 et 13CV;<\/p>\n<p>100% pour les v\u00e9hicules de 14 et 15 CV.<\/p>\n<p>200% pour les v\u00e9hicules de 16 Cv et plus.<\/p>\n<p>N\u00e9anmoins, avant de soumettre cette proposition \u00e0 l\u2019Assembl\u00e9e, le bloc Ennahdha s\u2019est rendu compte de la grossi\u00e8re erreur qu\u2019il allait commettr, et a d\u00e9cid\u00e9 de retirer cette proposition, selon les d\u00e9clarations du d\u00e9put\u00e9, Moez Bel Haj Rehouma.<\/p>\n<p><strong>Que se passe-t-il en Tunisie?<\/strong><br \/>Nous expliquons sur notre <a href=\"https:\/\/www.youtube.com\/channel\/UCRzypVq0B_yBad5eGrwBx0Q?sub_confirmation=1\" target=\"_blank\" rel=\"noopener noreferrer\">cha\u00eene YouTube<\/a> . <a href=\"https:\/\/www.youtube.com\/channel\/UCRzypVq0B_yBad5eGrwBx0Q?sub_confirmation=1\" target=\"_blank\" rel=\"noopener noreferrer\">Abonnez-vous!<\/a><\/p>\n<div class=\"mvp-org-wrap mvp-org-logo\" itemprop=\"publisher\" itemscope=\"\" itemtype=\"https:\/\/schema.org\/Organization\"><img decoding=\"async\" src=\"https:\/\/www.tunisienumerique.com\/wp-content\/uploads\/2017\/02\/logo_tunisie_numerique.png\"\/><\/div>\n<div class=\"swp_social_panel swp_horizontal_panel swp_flat_fresh swp_default_full_color swp_individual_full_color swp_other_full_color scale-100 scale-\" data-min-width=\"1100\" data-float-color=\"#ffffff\" data-float=\"none\" data-float-mobile=\"none\" data-transition=\"slide\">\n<div class=\"nc_tweetContainer swp_share_button total_shares total_sharesalt\"><span class=\"swp_count\">84 <span class=\"swp_label\">Partages<\/span><\/span><\/div>\n<\/div>\n<div class=\"mvp-related-posts left relative\">\n<h4 class=\"post-header\"><span class=\"post-header\">Lire aussi<\/span><\/h4>\n<\/div>\n<\/div>\n<p>Auteur: LM<br \/>\n<a href=\"https:\/\/www.tunisienumerique.com\/tunisie-arp-ennahdha-propose-la-majoration-des-tarifs-des-vignettes-auto-avant-de-retirer-la-proposition\/\">Cliquez ici pour lire l&rsquo;article depuis sa source.<\/a><\/p>\n","protected":false},"excerpt":{"rendered":"<p>84 Partages Le bloc parlementaire Ennahdha, n\u2019a rien trouv\u00e9 de mieux \u00e0 faire, ce lundi, que de proposer l\u2019ajout d\u2019un articles au PLF de 2020, stipulant la majoration des prix des vignettes automobiles de plus de sept chevaux fiscaux, utilitaires ou de tourisme. La proposition pr\u00e9voyait une majoration de\u00a0: 40% pour les v\u00e9hicules de 8 [&hellip;]<\/p>\n","protected":false},"author":1789,"featured_media":69770,"comment_status":"closed","ping_status":"closed","sticky":false,"template":"","format":"standard","meta":{"fifu_image_url":"","fifu_image_alt":"","footnotes":""},"categories":[73,55],"tags":[],"class_list":["post-69769","post","type-post","status-publish","format-standard","has-post-thumbnail","hentry","category-actualite","category-tunisie"],"_links":{"self":[{"href":"https:\/\/linitiative.ca\/International\/wp-json\/wp\/v2\/posts\/69769","targetHints":{"allow":["GET"]}}],"collection":[{"href":"https:\/\/linitiative.ca\/International\/wp-json\/wp\/v2\/posts"}],"about":[{"href":"https:\/\/linitiative.ca\/International\/wp-json\/wp\/v2\/types\/post"}],"author":[{"embeddable":true,"href":"https:\/\/linitiative.ca\/International\/wp-json\/wp\/v2\/users\/1789"}],"replies":[{"embeddable":true,"href":"https:\/\/linitiative.ca\/International\/wp-json\/wp\/v2\/comments?post=69769"}],"version-history":[{"count":0,"href":"https:\/\/linitiative.ca\/International\/wp-json\/wp\/v2\/posts\/69769\/revisions"}],"wp:featuredmedia":[{"embeddable":true,"href":"https:\/\/linitiative.ca\/International\/wp-json\/"}],"wp:attachment":[{"href":"https:\/\/linitiative.ca\/International\/wp-json\/wp\/v2\/media?parent=69769"}],"wp:term":[{"taxonomy":"category","embeddable":true,"href":"https:\/\/linitiative.ca\/International\/wp-json\/wp\/v2\/categories?post=69769"},{"taxonomy":"post_tag","embeddable":true,"href":"https:\/\/linitiative.ca\/International\/wp-json\/wp\/v2\/tags?post=69769"}],"curies":[{"name":"wp","href":"https:\/\/api.w.org\/{rel}","templated":true}]}}