{"id":69771,"date":"2019-12-09T16:22:00","date_gmt":"2019-12-09T21:22:00","guid":{"rendered":"https:\/\/linitiative.ca\/International\/tunisie-greve-de-la-friperie-apres-avoir-affame-le-tunisien-ils-semploient-a-le-devetir\/"},"modified":"2019-12-09T16:22:00","modified_gmt":"2019-12-09T21:22:00","slug":"tunisie-greve-de-la-friperie-apres-avoir-affame-le-tunisien-ils-semploient-a-le-devetir","status":"publish","type":"post","link":"https:\/\/linitiative.ca\/International\/tunisie-greve-de-la-friperie-apres-avoir-affame-le-tunisien-ils-semploient-a-le-devetir\/","title":{"rendered":"Tunisie \u2013 Gr\u00e8ve de la Friperie\u00a0: Apr\u00e8s avoir affam\u00e9 le tunisien, ils s\u2019emploient \u00e0 le d\u00e9v\u00eatir"},"content":{"rendered":"<div class=\"post-cont-in left relative\">\n<div class=\"swp_social_panel swp_horizontal_panel swp_flat_fresh swp_default_full_color swp_individual_full_color swp_other_full_color scale-100 scale-\" data-min-width=\"1100\" data-float-color=\"#ffffff\" data-float=\"none\" data-float-mobile=\"none\" data-transition=\"slide\">\n<div class=\"nc_tweetContainer swp_share_button total_shares total_sharesalt\"><span class=\"swp_count\">64 <span class=\"swp_label\">Partages<\/span><\/span><\/div>\n<\/div>\n<p>Mauvaise nouvelle pour les fans de la fripe. La Chambre syndicale nationale des commer\u00e7ants des v\u00eatements usag\u00e9s (friperie) a annonc\u00e9 une gr\u00e8ve g\u00e9n\u00e9rale ouverte, de toutes ses activit\u00e9s, \u00e0 partir du 20 d\u00e9cembre courant. \u00a0L\u2019ensemble des d\u00e9p\u00f4ts et usines de traitement seront, de ce fait, ferm\u00e9s jusqu\u2019\u00e0 la satisfaction des revendications professionnelles des commer\u00e7ants de fripe.<\/p>\n<div class=\"code-block code-block-1 c3\"><ins class=\"adsbygoogle c2\" data-ad-layout=\"in-article\" data-ad-format=\"fluid\" data-ad-client=\"ca-pub-2102118777505746\" data-ad-slot=\"7301775417\"\/> <\/div>\n<p>Le pr\u00e9sident de la chambre syndicale Sahbi Maalaoui a annonc\u00e9 la semaine pass\u00e9e, au micro de Mosa\u00efque Fm, que le secteur est actuellement cibl\u00e9 par une campagne de d\u00e9nigrement ayant pour objectif de mettre \u00e0 genoux les professionnels du secteur qui contribue largement \u00e0 la dynamique \u00e9conomique.<\/p>\n<p>Il a pr\u00e9cis\u00e9 que les commer\u00e7ants de friperie sont aujourd\u2019hui menac\u00e9s de faillite et de peines de prison, si on se r\u00e9f\u00e8re \u00e0 la circulaire du 22 novembre 2019 qui classe le tri des chaussures de fripe dans les usines en tant que crimes.<\/p>\n<p>Cette campagne et ces d\u00e9cisions non \u00e9tudi\u00e9es, de la part des d\u00e9cideurs, sont venues sous la pression des professionnels du textile et des chaussures qui se plaignent de la \u00ab\u00a0concurrence d\u00e9loyale\u00a0\u00bb de la friperie. Et ces industriels, au lieu de crier famine, et de clamer qu\u2019ils vont faire faillite, devraient, plut\u00f4t, essayer de comprendre pourquoi leurs produits sont snob\u00e9s par les\u00a0 tunisiens qui se rabattent sur la friperie. Ils comprendraient que c\u2019est du au fait, d\u2019abord des prix qu\u2019ils affichent et qui sont devenus hors de port\u00e9e du citoyen moyen, de m\u00eame que la qualit\u00e9 qu\u2019ils proposent qui laisse \u00e0 d\u00e9sirer, en comparaison avec des produits import\u00e9es, m\u00eame usag\u00e9s.<\/p>\n<p>Le probl\u00e8me le plus \u00e9tonnant dans cette affaire, c\u2019est quand ils trouvent des \u00ab\u00a0experts\u00a0\u00bb qui se mettent \u00e0 la solde des industriels, en annon\u00e7ant des \u00e9tudes suppos\u00e9es avoir \u00e9t\u00e9 conduites et qui montrent que les chaussures usag\u00e9es import\u00e9es pourraient contenir des produits nocifs, omettant de pr\u00e9ciser qu\u2019il s\u2019agit, tr\u00e8s vraisemblablement, des m\u00eames produits utilis\u00e9s par l\u2019industrie locale, en mati\u00e8re de produits de tannerie et de stabilisation du cuir.<\/p>\n<p>En r\u00e9sum\u00e9, et comme se plaisent \u00e0 le r\u00e9p\u00e9ter plusieurs internautes, les d\u00e9cideurs dans ce pays, et apr\u00e8s avoir affam\u00e9 les citoyens, ont commenc\u00e9 \u00e0 s\u2019employer \u00e0 le d\u00e9v\u00eatir\u00a0!<\/p>\n<p><strong>Que se passe-t-il en Tunisie?<\/strong><br \/>Nous expliquons sur notre <a href=\"https:\/\/www.youtube.com\/channel\/UCRzypVq0B_yBad5eGrwBx0Q?sub_confirmation=1\" target=\"_blank\" rel=\"noopener noreferrer\">cha\u00eene YouTube<\/a> . <a href=\"https:\/\/www.youtube.com\/channel\/UCRzypVq0B_yBad5eGrwBx0Q?sub_confirmation=1\" target=\"_blank\" rel=\"noopener noreferrer\">Abonnez-vous!<\/a><\/p>\n<div class=\"mvp-org-wrap mvp-org-logo\" itemprop=\"publisher\" itemscope=\"\" itemtype=\"https:\/\/schema.org\/Organization\"><img decoding=\"async\" src=\"https:\/\/www.tunisienumerique.com\/wp-content\/uploads\/2017\/02\/logo_tunisie_numerique.png\"\/><\/div>\n<div class=\"swp_social_panel swp_horizontal_panel swp_flat_fresh swp_default_full_color swp_individual_full_color swp_other_full_color scale-100 scale-\" data-min-width=\"1100\" data-float-color=\"#ffffff\" data-float=\"none\" data-float-mobile=\"none\" data-transition=\"slide\">\n<div class=\"nc_tweetContainer swp_share_button total_shares total_sharesalt\"><span class=\"swp_count\">64 <span class=\"swp_label\">Partages<\/span><\/span><\/div>\n<\/div>\n<div class=\"mvp-related-posts left relative\">\n<h4 class=\"post-header\"><span class=\"post-header\">Lire aussi<\/span><\/h4>\n<\/div>\n<\/div>\n<p>Auteur: Saber .<br \/>\n<a href=\"https:\/\/www.tunisienumerique.com\/tunisie-greve-de-la-friperie-apres-avoir-affame-le-tunisien-ils-semploient-a-le-devetir\/\">Cliquez ici pour lire l&rsquo;article depuis sa source.<\/a><\/p>\n","protected":false},"excerpt":{"rendered":"<p>64 Partages Mauvaise nouvelle pour les fans de la fripe. La Chambre syndicale nationale des commer\u00e7ants des v\u00eatements usag\u00e9s (friperie) a annonc\u00e9 une gr\u00e8ve g\u00e9n\u00e9rale ouverte, de toutes ses activit\u00e9s, \u00e0 partir du 20 d\u00e9cembre courant. \u00a0L\u2019ensemble des d\u00e9p\u00f4ts et usines de traitement seront, de ce fait, ferm\u00e9s jusqu\u2019\u00e0 la satisfaction des revendications professionnelles des [&hellip;]<\/p>\n","protected":false},"author":1789,"featured_media":69772,"comment_status":"closed","ping_status":"closed","sticky":false,"template":"","format":"standard","meta":{"fifu_image_url":"","fifu_image_alt":"","footnotes":""},"categories":[73,55],"tags":[],"class_list":["post-69771","post","type-post","status-publish","format-standard","has-post-thumbnail","hentry","category-actualite","category-tunisie"],"_links":{"self":[{"href":"https:\/\/linitiative.ca\/International\/wp-json\/wp\/v2\/posts\/69771","targetHints":{"allow":["GET"]}}],"collection":[{"href":"https:\/\/linitiative.ca\/International\/wp-json\/wp\/v2\/posts"}],"about":[{"href":"https:\/\/linitiative.ca\/International\/wp-json\/wp\/v2\/types\/post"}],"author":[{"embeddable":true,"href":"https:\/\/linitiative.ca\/International\/wp-json\/wp\/v2\/users\/1789"}],"replies":[{"embeddable":true,"href":"https:\/\/linitiative.ca\/International\/wp-json\/wp\/v2\/comments?post=69771"}],"version-history":[{"count":0,"href":"https:\/\/linitiative.ca\/International\/wp-json\/wp\/v2\/posts\/69771\/revisions"}],"wp:featuredmedia":[{"embeddable":true,"href":"https:\/\/linitiative.ca\/International\/wp-json\/"}],"wp:attachment":[{"href":"https:\/\/linitiative.ca\/International\/wp-json\/wp\/v2\/media?parent=69771"}],"wp:term":[{"taxonomy":"category","embeddable":true,"href":"https:\/\/linitiative.ca\/International\/wp-json\/wp\/v2\/categories?post=69771"},{"taxonomy":"post_tag","embeddable":true,"href":"https:\/\/linitiative.ca\/International\/wp-json\/wp\/v2\/tags?post=69771"}],"curies":[{"name":"wp","href":"https:\/\/api.w.org\/{rel}","templated":true}]}}