{"id":69777,"date":"2019-12-09T14:54:59","date_gmt":"2019-12-09T19:54:59","guid":{"rendered":"https:\/\/linitiative.ca\/International\/sanctions-contre-des-personnalites-pro-kabila-en-rdc\/"},"modified":"2019-12-09T14:54:59","modified_gmt":"2019-12-09T19:54:59","slug":"sanctions-contre-des-personnalites-pro-kabila-en-rdc","status":"publish","type":"post","link":"https:\/\/linitiative.ca\/International\/sanctions-contre-des-personnalites-pro-kabila-en-rdc\/","title":{"rendered":"SANCTIONS CONTRE DES PERSONNALITES PRO-KABILA EN RDC"},"content":{"rendered":"<div class=\"stream-item stream-item-above-post-content\">\n<p><noscript><\/p>\n<p><a href=\"\/\/www3.smartadserver.com\/ac?jump=1&#038;nwid=2136&#038;siteid=240610&#038;pgname=rg&#038;fmtid=49046&#038;visit=m&#038;tmstp=[timestamp]&#038;out=nonrich\" target=\"_blank\" rel=\"noopener noreferrer\"><img decoding=\"async\" src=\"\/\/www3.smartadserver.com\/ac?out=nonrich&#038;nwid=2136&#038;siteid=240610&#038;pgname=rg&#038;fmtid=49046&#038;visit=m&#038;tmstp=[timestamp]\" border=\"0\" alt=\"\"\/><\/a><\/p>\n<p><\/noscript><\/div>\n<p class=\"c3\">Dans la continuit\u00e9 des sanctions prises contre des proches de l\u2019ex-pr\u00e9sident congolais, Joseph Kabila, \u00e0 la veille de la pr\u00e9sidentielle de d\u00e9cembre 2018, l\u2019Union europ\u00e9enne (UE) a remis le couvert le 9 d\u00e9cembre dernier en reconduisant ses mesures punitives contre douze personnalit\u00e9s sur les quatorze qui \u00e9taient vis\u00e9es par lesdites mesures pour \u00ab\u00a0<em>entraves au processus \u00e9lectoral en RDC et violations des droits de l\u2019Homme<\/em> \u00bb.\u00a0 Deux personnalit\u00e9s ont vu leurs noms retir\u00e9s de la liste. Ce sont Lambert Mend\u00e9, porte-parole du gouvernement de l\u2019ancien r\u00e9gime et Roger Kibelisa, ancien patron de la tristement c\u00e9l\u00e8bre Agence nationale des renseignements (ANR) charg\u00e9 de la s\u00e9curit\u00e9 int\u00e9rieure sous Kabila fils.\u00a0 Le moins que l\u2019on puisse dire, c\u2019est qu\u2019en maintenant les sanctions contre la majorit\u00e9 des mis en cause,\u00a0 l\u2019UE reste droite dans ses bottes et montre son attachement \u00e0 ses principes. D\u2019autant qu\u2019il s\u2019agit, pour la plupart, de militaires soup\u00e7onn\u00e9s d\u2019avoir commis de graves violations des droits de l\u2019Homme.<\/p>\n<p><strong>\u00a0<\/strong><\/p>\n<p><strong>Le maintien de ces sanctions pour le motif d\u2019entrave au processus \u00e9lectoral,\u00a0 sonnait comme un anachronisme<\/strong><\/p>\n<p><strong>\u00a0<\/strong><\/p>\n<p class=\"c3\">Mais dans le m\u00eame temps, on peut dire que l\u2019institution europ\u00e9enne a mis de l\u2019eau dans son vin en faisant preuve de cl\u00e9mence envers deux personnalit\u00e9s. La raison invoqu\u00e9e est que ces acteurs politiques ne sont plus aujourd\u2019hui en position de \u00ab\u00a0<em>faire obstacle \u00e0 une sortie de crise pacifique et consensuelle en vue de la tenue d\u2019\u00e9lections en RDC<\/em>\u00a0\u00bb. Cette lev\u00e9e partielle de sanctions est d\u2019autant plus compr\u00e9hensible que l\u2019\u00e9lection pr\u00e9sidentielle que le r\u00e9gime Kabila cherchait \u00e0 prendre en otage, s\u2019est finalement tenue dans les conditions que l\u2019on sait, avec comme vainqueur d\u00e9clar\u00e9 le pr\u00e9sident F\u00e9lix Tshis\u00e9k\u00e9di. \u00a0Quand on sait que ce dernier a \u00a0plaid\u00e9 pour un assouplissement des sanctions contre des proches\u00a0 de son alli\u00e9 de circonstance dans la coalition au pouvoir, on peut se demander s\u2019il faut voir dans ce \u00ab\u00a0<em>geste de mansu\u00e9tude<\/em>\u00a0\u00bb de l\u2019UE, une fa\u00e7on de montrer sa disponibilit\u00e9 \u00e0 accompagner le nouveau pr\u00e9sident congolais dans la reconstruction et le renforcement de la d\u00e9mocratie durement \u00e9prouv\u00e9e pendant le r\u00e8gne de son pr\u00e9d\u00e9cesseur. \u00a0Cela n\u2019est pas \u00e0 exclure. D\u2019autant que, quoi qu\u2019on dise, Joseph Kabila n\u2019est plus directement aux affaires m\u00eame si dans les faits, il continue de garder le contr\u00f4le de l\u2019Assembl\u00e9e nationale et du S\u00e9nat o\u00f9 sa coalition est majoritaire, de m\u00eame que l\u2019Ex\u00e9cutif dont le chef est issu de ses rangs.\u00a0 Ce qui fait dire \u00e0 bien des observateurs de la sc\u00e8ne politique congolaise que Joseph Kabila est parti du pouvoir sans \u00eatre vraiment parti. Quoi qu\u2019il en soit, cet all\u00e8gement de sanctions contre des proches de l\u2019ex-chef de l\u2019Etat, peut \u00eatre consid\u00e9r\u00e9 comme une mesure salutaire \u00e0 bien des \u00e9gards car, cela pourrait participer \u00e0 la d\u00e9crispation politique en RDC. Du reste, l\u2019opportunit\u00e9 du maintien de ces sanctions contre les int\u00e9ress\u00e9s pour le motif d\u2019entrave au processus \u00e9lectoral dans le contexte actuel,\u00a0 sonnait d\u00e9j\u00e0 comme un anachronisme, \u00e9tant donn\u00e9 que la crise politique cons\u00e9cutive \u00e0 l\u2019organisation de l\u2019\u00e9lection pr\u00e9sidentielle, est aujourd\u2019hui derri\u00e8re les Congolais.<\/p>\n<p><strong>Malgr\u00e9 l\u2019alternance au sommet de l\u2019Etat, la RDC n\u2019est pas encore totalement sortie de l\u2019auberge<\/strong><\/p>\n<p><strong>\u00a0<\/strong><\/p>\n<p class=\"c3\">Mais il est utile de maintenir la pression pour permettre \u00e0 la RDC de se reconstruire en tant qu\u2019Etat de droit et de s\u2019installer durablement dans la stabilit\u00e9. De ce point de vue, l\u2019on peut comprendre la r\u00e9ticence de l\u2019UE \u00e0 aller dans le sens d\u2019une lev\u00e9e totale de sanctions, surtout en ce qui concerne les atteintes aux droits de l\u2019Homme. Mieux, c\u2019est une \u00e9p\u00e9e de Damocl\u00e8s qui se justifie amplement en ce sens qu\u2019elle peut \u00eatre une arme de dissuasion contre d\u2019\u00e9ventuels p\u00eacheurs en eaux troubles, en attendant une \u00e9ventuelle action judiciaire pour situer les responsabilit\u00e9s des uns et des autres. Car, malgr\u00e9 l\u2019alternance au sommet de l\u2019Etat \u00e0 la faveur de cette pr\u00e9sidentielle, la RDC n\u2019est pas encore totalement sortie de l\u2019auberge. Et m\u00eame si le scrutin a pu se tenir et donner les r\u00e9sultats que l\u2019on sait, l\u2019on ne peut pas passer par pertes et profits les exactions commises sur des populations dont le seul tort \u00e9tait de demander le respect des r\u00e8gles constitutionnelles de leur pays. Il faut bien que cela serve de le\u00e7on. En tout \u00e9tat de cause, comme dit l\u2019adage, \u00ab\u00a0<em>qui s\u00e8me le vent, r\u00e9colte la temp\u00eate<\/em>\u00a0\u00bb. C\u2019est dire si ces sanctions se veulent aussi une interpellation \u00e0 la pond\u00e9ration, et \u00e0 \u00e9viter de faire dans le z\u00e8le quand on est promu \u00e0 un poste de responsabilit\u00e9s. Car, t\u00f4t ou tard, chacun finit par r\u00e9pondre de ses actes. C\u2019est toute la port\u00e9e p\u00e9dagogique de ces sanctions.<\/p>\n<p><strong><em>\u00a0\u00ab\u00a0Le Pays\u00a0\u00bb<\/em><\/strong><\/p>\n<p><strong>\u00a0<\/strong><\/p>\n<p><strong>\u00a0<\/strong><\/p>\n<p>Auteur: Le Pays<br \/>\n<a href=\"http:\/\/lepays.bf\/sanctions-contre-des-personnalites-pro-kabila-en-rdc\/\">Cliquez ici pour lire l&rsquo;article depuis sa source.<\/a><\/p>\n","protected":false},"excerpt":{"rendered":"<p>Dans la continuit\u00e9 des sanctions prises contre des proches de l\u2019ex-pr\u00e9sident congolais, Joseph Kabila, \u00e0 la veille de la pr\u00e9sidentielle de d\u00e9cembre 2018, l\u2019Union europ\u00e9enne (UE) a remis le couvert le 9 d\u00e9cembre dernier en reconduisant ses mesures punitives contre douze personnalit\u00e9s sur les quatorze qui \u00e9taient vis\u00e9es par lesdites mesures pour \u00ab\u00a0entraves au processus [&hellip;]<\/p>\n","protected":false},"author":1813,"featured_media":0,"comment_status":"closed","ping_status":"closed","sticky":false,"template":"","format":"standard","meta":{"fifu_image_url":"","fifu_image_alt":"","footnotes":""},"categories":[73,81],"tags":[],"class_list":["post-69777","post","type-post","status-publish","format-standard","hentry","category-actualite","category-burkina-faso"],"_links":{"self":[{"href":"https:\/\/linitiative.ca\/International\/wp-json\/wp\/v2\/posts\/69777","targetHints":{"allow":["GET"]}}],"collection":[{"href":"https:\/\/linitiative.ca\/International\/wp-json\/wp\/v2\/posts"}],"about":[{"href":"https:\/\/linitiative.ca\/International\/wp-json\/wp\/v2\/types\/post"}],"author":[{"embeddable":true,"href":"https:\/\/linitiative.ca\/International\/wp-json\/wp\/v2\/users\/1813"}],"replies":[{"embeddable":true,"href":"https:\/\/linitiative.ca\/International\/wp-json\/wp\/v2\/comments?post=69777"}],"version-history":[{"count":0,"href":"https:\/\/linitiative.ca\/International\/wp-json\/wp\/v2\/posts\/69777\/revisions"}],"wp:attachment":[{"href":"https:\/\/linitiative.ca\/International\/wp-json\/wp\/v2\/media?parent=69777"}],"wp:term":[{"taxonomy":"category","embeddable":true,"href":"https:\/\/linitiative.ca\/International\/wp-json\/wp\/v2\/categories?post=69777"},{"taxonomy":"post_tag","embeddable":true,"href":"https:\/\/linitiative.ca\/International\/wp-json\/wp\/v2\/tags?post=69777"}],"curies":[{"name":"wp","href":"https:\/\/api.w.org\/{rel}","templated":true}]}}