{"id":69778,"date":"2019-12-09T15:00:09","date_gmt":"2019-12-09T20:00:09","guid":{"rendered":"https:\/\/linitiative.ca\/International\/condamnation-de-teodorin-obiang-nguema\/"},"modified":"2019-12-09T15:00:09","modified_gmt":"2019-12-09T20:00:09","slug":"condamnation-de-teodorin-obiang-nguema","status":"publish","type":"post","link":"https:\/\/linitiative.ca\/International\/condamnation-de-teodorin-obiang-nguema\/","title":{"rendered":"CONDAMNATION DE TEODORIN OBIANG NGUEMA"},"content":{"rendered":"<div class=\"featured-area featured-area-inner\" readability=\"14\"><img loading=\"lazy\" decoding=\"async\" width=\"688\" height=\"470\" src=\"http:\/\/lepays.bf\/wp-content\/uploads\/2019\/12\/NGUEMA-688x470.jpg\" class=\"attachment-jannah-image-post size-jannah-image-post wp-post-image\" alt=\"\" srcset=\"http:\/\/lepays.bf\/wp-content\/uploads\/2019\/12\/NGUEMA-688x470.jpg 688w, http:\/\/lepays.bf\/wp-content\/uploads\/2019\/12\/NGUEMA-220x150.jpg 220w\" sizes=\"auto, (max-width: 688px) 100vw, 688px\"\/> (FILES) This file photo taken on June 24, 2013 shows Teodorin Nguema Obiang, the son of Equatorial Guinea&rsquo;s president Teodoro Obiang and the country&rsquo;s vice-president in charge of security and defence, arriving at Malabo stadium for ceremonies to celebrate his 41st birthday. Paris court-house is set to deliberated at the trial of Teodorin Obiang in the case of \u00ab\u00a0\u00a0\u00bbillicit assets \u00a0\u00bb on October 27, 2017. \/ AFP \/ JEROME LEROY<\/div>\n<div class=\"entry-content entry clearfix\" readability=\"69\">\n<div class=\"stream-item stream-item-above-post-content\">\n<p><noscript><\/p>\n<p><a href=\"\/\/www3.smartadserver.com\/ac?jump=1&#038;nwid=2136&#038;siteid=240610&#038;pgname=rg&#038;fmtid=49046&#038;visit=m&#038;tmstp=[timestamp]&#038;out=nonrich\" target=\"_blank\" rel=\"noopener noreferrer\"><img decoding=\"async\" src=\"\/\/www3.smartadserver.com\/ac?out=nonrich&#038;nwid=2136&#038;siteid=240610&#038;pgname=rg&#038;fmtid=49046&#038;visit=m&#038;tmstp=[timestamp]\" border=\"0\" alt=\"\"\/><\/a><\/p>\n<p><\/noscript><\/div>\n<p class=\"c3\">Accus\u00e9 de s\u2019\u00eatre constitu\u00e9 un patrimoine mobilier et immobilier de plusieurs millions d\u2019euros en France, T\u00e9odorin Obiang Ngu\u00e9ma, le fils du pr\u00e9sident de la Guin\u00e9e Equatoriale, on se rappelle, avait \u00e9t\u00e9 condamn\u00e9 \u00e0 trois ans d\u2019amende avec sursis sur fond de confiscation de ses biens estim\u00e9s \u00e0 plus de 150 millions d\u2019euros. Toute chose que les partisans de la transparence financi\u00e8re \u00a0consid\u00e8rent comme une victoire d\u2019\u00e9tape\u00a0; eux qui esp\u00e8rent que ce proc\u00e8s ouvrira la voie \u00e0 bien d\u2019autres dans le cadre de l\u2019affaire des \u00ab\u00a0<em>biens mal acquis<\/em>\u00a0\u00bb. Tout le m\u00e9rite revient \u00e0 l\u2019association <em>Sherpa<\/em> et \u00e0 <em>Transparency International<\/em> qui, il y a une d\u00e9cennie d\u00e9j\u00e0, avaient port\u00e9 l\u2019affaire devant la Justice\u00a0; allant jusqu\u2019\u00e0 se charger de prot\u00e9ger et d\u00e9fendre les populations victimes de crimes \u00e9conomiques. Ils accusent bien des dirigeants africains de s\u2019\u00eatre b\u00e2ti un riche patrimoine dans l\u2019Hexagone, en partie aliment\u00e9 par l\u2019argent de la corruption et les d\u00e9tournements de fonds publics de leurs pays respectifs. Sont dans leur collimateur Denis Sassou Nguesso du Congo, feu Omar Bongo et son clan du Gabon, Paul Biya du Cameroun, Th\u00e9odoro Obiang Nguema de la Guin\u00e9e Equatoriale et sa famille, etc.<\/p>\n<p><strong>La pression diplomatique sur laquelle T\u00e9odorin comptait, ne lui a pas permis de s\u2019octroyer une immunit\u00e9<\/strong><\/p>\n<p><strong>\u00a0<\/strong><\/p>\n<p class=\"c3\">Dans le dernier cas cit\u00e9, la France n\u2019est pas le seul pays \u00e0 lui demander des comptes. On se rappelle, en effet, qu\u2019en octobre 2014, la famille Obiang avait fait contre mauvaise fortune bon c\u0153ur, en renon\u00e7ant \u00e0 la bagatelle de 30 millions d\u2019euros aux Etats-Unis, dans le cadre d\u2019un accord pass\u00e9 avec la Justice am\u00e9ricaine. C\u2019est dire donc qu\u2019il n\u2019y a pas de fum\u00e9e sans feu. En tout cas, pour autant que la famille Obiang Nguema n\u2019ait rien \u00e0 se reprocher, elle n\u2019a pas besoin de ruer dans les brancards. Ce proc\u00e8s en appel qui s\u2019est ouvert le 9 d\u00e9cembre dernier, lui donnera l\u2019occasion de se d\u00e9fendre et de prouver \u00e0 tous, que sa fortune a \u00e9t\u00e9 acquise honn\u00eatement. C\u2019est le seul combat qui vaille la peine d\u2019\u00eatre men\u00e9, plut\u00f4t que de s\u2019engager dans une contre-offensive judiciaire ridicule aux fins de mettre un terme \u00e0 la proc\u00e9dure en cours. Comme ce fut la d\u00e9marche de T\u00e9odorin Obiang qui, invoquant son statut de deuxi\u00e8me vice-pr\u00e9sident de la Guin\u00e9e Equatoriale \u00e0 l\u2019\u00e9poque, avait fait feu de tout bois pour faire annuler les poursuites engag\u00e9es \u00e0 son encontre. Mais c\u2019\u00e9tait sans compter avec la t\u00e9nacit\u00e9 de la Justice fran\u00e7aise qui ne recule devant rien. La preuve est que la pression diplomatique sur laquelle il comptait, ne lui a pas permis de s\u2019octroyer une immunit\u00e9.<\/p>\n<p><strong>B.O<\/strong><\/p>\n<\/div>\n<p>Auteur: Le Pays<br \/>\n<a href=\"http:\/\/lepays.bf\/condamnation-de-teodorin-obiang-nguema\/\">Cliquez ici pour lire l&rsquo;article depuis sa source.<\/a><\/p>\n","protected":false},"excerpt":{"rendered":"<p>(FILES) This file photo taken on June 24, 2013 shows Teodorin Nguema Obiang, the son of Equatorial Guinea&rsquo;s president Teodoro Obiang and the country&rsquo;s vice-president in charge of security and defence, arriving at Malabo stadium for ceremonies to celebrate his 41st birthday. Paris court-house is set to deliberated at the trial of Teodorin Obiang in [&hellip;]<\/p>\n","protected":false},"author":1813,"featured_media":69779,"comment_status":"closed","ping_status":"closed","sticky":false,"template":"","format":"standard","meta":{"fifu_image_url":"","fifu_image_alt":"","footnotes":""},"categories":[73,81],"tags":[],"class_list":["post-69778","post","type-post","status-publish","format-standard","has-post-thumbnail","hentry","category-actualite","category-burkina-faso"],"_links":{"self":[{"href":"https:\/\/linitiative.ca\/International\/wp-json\/wp\/v2\/posts\/69778","targetHints":{"allow":["GET"]}}],"collection":[{"href":"https:\/\/linitiative.ca\/International\/wp-json\/wp\/v2\/posts"}],"about":[{"href":"https:\/\/linitiative.ca\/International\/wp-json\/wp\/v2\/types\/post"}],"author":[{"embeddable":true,"href":"https:\/\/linitiative.ca\/International\/wp-json\/wp\/v2\/users\/1813"}],"replies":[{"embeddable":true,"href":"https:\/\/linitiative.ca\/International\/wp-json\/wp\/v2\/comments?post=69778"}],"version-history":[{"count":0,"href":"https:\/\/linitiative.ca\/International\/wp-json\/wp\/v2\/posts\/69778\/revisions"}],"wp:featuredmedia":[{"embeddable":true,"href":"https:\/\/linitiative.ca\/International\/wp-json\/"}],"wp:attachment":[{"href":"https:\/\/linitiative.ca\/International\/wp-json\/wp\/v2\/media?parent=69778"}],"wp:term":[{"taxonomy":"category","embeddable":true,"href":"https:\/\/linitiative.ca\/International\/wp-json\/wp\/v2\/categories?post=69778"},{"taxonomy":"post_tag","embeddable":true,"href":"https:\/\/linitiative.ca\/International\/wp-json\/wp\/v2\/tags?post=69778"}],"curies":[{"name":"wp","href":"https:\/\/api.w.org\/{rel}","templated":true}]}}