{"id":69780,"date":"2019-12-09T15:03:24","date_gmt":"2019-12-09T20:03:24","guid":{"rendered":"https:\/\/linitiative.ca\/International\/evaluation-du-climat-pre-electoral-en-guinee\/"},"modified":"2019-12-09T15:03:24","modified_gmt":"2019-12-09T20:03:24","slug":"evaluation-du-climat-pre-electoral-en-guinee","status":"publish","type":"post","link":"https:\/\/linitiative.ca\/International\/evaluation-du-climat-pre-electoral-en-guinee\/","title":{"rendered":"EVALUATION DU CLIMAT PRE-ELECTORAL EN GUINEE"},"content":{"rendered":"<div class=\"stream-item stream-item-above-post-content\">\n<p><noscript><\/p>\n<p><a href=\"\/\/www3.smartadserver.com\/ac?jump=1&#038;nwid=2136&#038;siteid=240610&#038;pgname=rg&#038;fmtid=49046&#038;visit=m&#038;tmstp=[timestamp]&#038;out=nonrich\" target=\"_blank\" rel=\"noopener noreferrer\"><img decoding=\"async\" src=\"\/\/www3.smartadserver.com\/ac?out=nonrich&#038;nwid=2136&#038;siteid=240610&#038;pgname=rg&#038;fmtid=49046&#038;visit=m&#038;tmstp=[timestamp]\" border=\"0\" alt=\"\"\/><\/a><\/p>\n<p><\/noscript><\/div>\n<p class=\"c3\">Ils sont sept avec\u00a0 \u00e0 leur t\u00eate, les ex-pr\u00e9sidents Nic\u00e9phore Soglo du B\u00e9nin et Goodluck Jonathan du Nigeria, qui s\u00e9journeront du 9 au 13 d\u00e9cembre 2019\u00a0 en Guin\u00e9e Conakry. D\u00e9p\u00each\u00e9es par le\u00a0<em>National Democratic Institute<\/em> et la <em>Fondation Koffi Annan<\/em>, ces personnalit\u00e9s ont pour mission d\u2019\u00e9valuer les pr\u00e9paratifs des \u00e9lections l\u00e9gislatives pr\u00e9vues pour se tenir, en principe, en f\u00e9vrier 2020. A l\u2019occasion, la d\u00e9l\u00e9gation rencontrera, tour \u00e0 tour, la majorit\u00e9 pr\u00e9sidentielle et l\u2019opposition, mais aussi des organisations de la soci\u00e9t\u00e9 civile, la Commission \u00e9lectorale nationale ind\u00e9pendante \u00a0(CENI) et bien d\u2019autres acteurs intervenant dans le processus \u00e9lectoral. Toute chose qui lui permettra d\u2019\u00e9valuer le climat pr\u00e9-\u00e9lectoral et de faire des propositions devant permettre d\u2019aller \u00e0 des l\u00e9gislatives cr\u00e9dibles et apais\u00e9es. Cela est d\u2019autant plus n\u00e9cessaire qu\u2019en Guin\u00e9e, des accords politiques ont \u00e9t\u00e9 sign\u00e9s depuis 2013 par les diff\u00e9rents acteurs mais tous ou presque se sont sold\u00e9s par des \u00e9checs, la mauvaise foi des uns et des autres aidant. Si fait que les p\u00e9riodes \u00e9lectorales sont tr\u00e8s redout\u00e9es dans ce pays o\u00f9 la violence polici\u00e8re et les tensions communautaires ont pignon sur rue. On se rappelle encore les violences cons\u00e9cutives aux \u00e9lections locales de f\u00e9vrier 2018, qui avaient fait des dizaines de morts dont des enfants dans un incendie volontaire. Et ce n\u2019est pas tout. On a aussi en m\u00e9moire que les contestations des pr\u00e9sidentielles de 2010 et 2015 et des l\u00e9gislatives de 2013, avaient \u00e9t\u00e9 r\u00e9prim\u00e9es dans le sang au point que le repr\u00e9sentant pour l\u2019Afrique de l\u2019Ouest du SG de l\u2019ONU d\u2019alors, Mohamed Ibn Chambas, avait regrett\u00e9 \u00ab\u00a0<em>des pertes en vies humaines\u00a0<\/em>\u00bb.<\/p>\n<p><strong>La crise politique guin\u00e9enne est tr\u00e8s complexe<\/strong><\/p>\n<p><strong>\u00a0<\/strong><\/p>\n<p class=\"c3\">C\u2019est donc en toute connaissance de cause que le <em>National Democratic Institue<\/em> et la <em>Fondation Koffi Annan<\/em> ont d\u00e9cid\u00e9 d\u2019envoyer des \u00e9missaires en Guin\u00e9e pour \u00e9valuer le contexte pr\u00e9-\u00e9lectoral. \u00ab\u00a0<em>Mieux vaut pr\u00e9venir que gu\u00e9rir\u00a0<\/em>\u00bb, peut-on dire, surtout quand on sait que la crise politique guin\u00e9enne est tr\u00e8s complexe. Car, au-del\u00e0 des l\u00e9gislatives qui focalisent toutes les attentions, il y a le d\u00e9bat li\u00e9 \u00e0 un \u00e9ventuel troisi\u00e8me mandat du pr\u00e9sident Alpha Cond\u00e9, qui fait des gorges chaudes. Si, en effet, ces derniers jours, l\u2019on assiste \u00e0 une accalmie relative, force est de reconna\u00eetre que de nombreux Guin\u00e9ens ont perdu la vie lors des manifestations du Front national pour la d\u00e9fense et la constitution (FNDC), du nom de cette plateforme qui regroupe des partis politiques de l\u2019opposition, de la soci\u00e9t\u00e9 civile et des syndicats.\u00a0 Cela dit, la mission conduite par Nic\u00e9phore Soglo et Goodluck Jonathan osera-t-elle aborder les sujets qui f\u00e2chent avec le ma\u00eetre de Conakry dont on dit qu\u2019il est tr\u00e8s susceptible\u00a0? Ou bien va-t-elle se contenter d\u2019\u00e9valuer le climat pr\u00e9-\u00e9lectoral et de remettre les conclusions \u00e0 ses mandants\u00a0? On attend de voir.<\/p>\n<p><strong>B.O<\/strong><\/p>\n<p>Auteur: Le Pays<br \/>\n<a href=\"http:\/\/lepays.bf\/evaluation-du-climat-pre-electoral-en-guinee-2\/\">Cliquez ici pour lire l&rsquo;article depuis sa source.<\/a><\/p>\n","protected":false},"excerpt":{"rendered":"<p>Ils sont sept avec\u00a0 \u00e0 leur t\u00eate, les ex-pr\u00e9sidents Nic\u00e9phore Soglo du B\u00e9nin et Goodluck Jonathan du Nigeria, qui s\u00e9journeront du 9 au 13 d\u00e9cembre 2019\u00a0 en Guin\u00e9e Conakry. D\u00e9p\u00each\u00e9es par le\u00a0National Democratic Institute et la Fondation Koffi Annan, ces personnalit\u00e9s ont pour mission d\u2019\u00e9valuer les pr\u00e9paratifs des \u00e9lections l\u00e9gislatives pr\u00e9vues pour se tenir, en [&hellip;]<\/p>\n","protected":false},"author":1813,"featured_media":0,"comment_status":"closed","ping_status":"closed","sticky":false,"template":"","format":"standard","meta":{"fifu_image_url":"","fifu_image_alt":"","footnotes":""},"categories":[73,81],"tags":[],"class_list":["post-69780","post","type-post","status-publish","format-standard","hentry","category-actualite","category-burkina-faso"],"_links":{"self":[{"href":"https:\/\/linitiative.ca\/International\/wp-json\/wp\/v2\/posts\/69780","targetHints":{"allow":["GET"]}}],"collection":[{"href":"https:\/\/linitiative.ca\/International\/wp-json\/wp\/v2\/posts"}],"about":[{"href":"https:\/\/linitiative.ca\/International\/wp-json\/wp\/v2\/types\/post"}],"author":[{"embeddable":true,"href":"https:\/\/linitiative.ca\/International\/wp-json\/wp\/v2\/users\/1813"}],"replies":[{"embeddable":true,"href":"https:\/\/linitiative.ca\/International\/wp-json\/wp\/v2\/comments?post=69780"}],"version-history":[{"count":0,"href":"https:\/\/linitiative.ca\/International\/wp-json\/wp\/v2\/posts\/69780\/revisions"}],"wp:attachment":[{"href":"https:\/\/linitiative.ca\/International\/wp-json\/wp\/v2\/media?parent=69780"}],"wp:term":[{"taxonomy":"category","embeddable":true,"href":"https:\/\/linitiative.ca\/International\/wp-json\/wp\/v2\/categories?post=69780"},{"taxonomy":"post_tag","embeddable":true,"href":"https:\/\/linitiative.ca\/International\/wp-json\/wp\/v2\/tags?post=69780"}],"curies":[{"name":"wp","href":"https:\/\/api.w.org\/{rel}","templated":true}]}}